{"id":9630,"date":"2024-07-14T15:38:44","date_gmt":"2024-07-14T15:38:44","guid":{"rendered":"https:\/\/eunewsroom.com\/ue-wprowadzi-bardziej-rygorystyczne-normy-emisji-dla-pojazdow-ciezkich\/"},"modified":"2024-07-14T15:38:44","modified_gmt":"2024-07-14T15:38:44","slug":"ue-wprowadzi-bardziej-rygorystyczne-normy-emisji-dla-pojazdow-ciezkich","status":"publish","type":"post","link":"https:\/\/eunewsroom.com\/pl\/ue-wprowadzi-bardziej-rygorystyczne-normy-emisji-dla-pojazdow-ciezkich\/","title":{"rendered":"UE wprowadzi bardziej rygorystyczne normy emisji dla pojazd\u00f3w ci\u0119\u017ckich"},"content":{"rendered":"<p> <br \/>\n<\/p>\n<div id=\"\">\n<p class=\"lead\">Rada UE przyj\u0119\u0142a w poniedzia\u0142ek rozporz\u0105dzenie o normach emisji CO2 dla pojazd\u00f3w ci\u0119\u017ckich, zaostrzaj\u0105ce dotychczasowe przepisy. Zgodnie z nowymi regulacjami obowi\u0105zek redukcji obowi\u0105zuje niemal wszystkie nowe pojazdy ci\u0119\u017ckie, kt\u00f3re maj\u0105 certyfikowan\u0105 warto\u015b\u0107 emisji CO2.<\/p>\n<p>Jak wynika z komunikatu Rady UE, w nowych przepisach utrzymano &#8222;wyznaczony na 2025 rok cel redukcji emisji o 15 proc. dla ci\u0119\u017ckich samochod\u00f3w ci\u0119\u017carowych o masie powy\u017cej 16 ton&#8221;.<\/p>\n<\/p><\/div>\n<p><br \/>\n<br \/><a href=\"https:\/\/www.wnp.pl\/logistyka\/ue-wprowadzi-bardziej-rygorystyczne-normy-emisji-dla-pojazdow-ciezkich,834141.html\">\u0179r\u00f3d\u0142o<\/a><\/p>\n","protected":false},"excerpt":{"rendered":"<p>Rada UE przyj\u0119\u0142a w poniedzia\u0142ek rozporz\u0105dzenie o normach emisji CO2 dla pojazd\u00f3w ci\u0119\u017ckich, zaostrzaj\u0105ce dotychczasowe przepisy. Zgodnie z nowymi regulacjami obowi\u0105zek redukcji obowi\u0105zuje niemal wszystkie nowe pojazdy ci\u0119\u017ckie, kt\u00f3re maj\u0105 certyfikowan\u0105 warto\u015b\u0107 emisji CO2. Jak wynika z komunikatu Rady UE, w nowych przepisach utrzymano &#8222;wyznaczony na 2025 rok cel redukcji emisji o 15 proc. dla [&hellip;]<\/p>\n","protected":false},"author":2,"featured_media":0,"comment_status":"closed","ping_status":"closed","sticky":false,"template":"","format":"standard","meta":{"footnotes":""},"categories":[1185],"tags":[],"class_list":{"0":"post-9630","1":"post","2":"type-post","3":"status-publish","4":"format-standard","6":"category-automotive-pl"},"_links":{"self":[{"href":"https:\/\/eunewsroom.com\/pl\/wp-json\/wp\/v2\/posts\/9630","targetHints":{"allow":["GET"]}}],"collection":[{"href":"https:\/\/eunewsroom.com\/pl\/wp-json\/wp\/v2\/posts"}],"about":[{"href":"https:\/\/eunewsroom.com\/pl\/wp-json\/wp\/v2\/types\/post"}],"author":[{"embeddable":true,"href":"https:\/\/eunewsroom.com\/pl\/wp-json\/wp\/v2\/users\/2"}],"replies":[{"embeddable":true,"href":"https:\/\/eunewsroom.com\/pl\/wp-json\/wp\/v2\/comments?post=9630"}],"version-history":[{"count":0,"href":"https:\/\/eunewsroom.com\/pl\/wp-json\/wp\/v2\/posts\/9630\/revisions"}],"wp:attachment":[{"href":"https:\/\/eunewsroom.com\/pl\/wp-json\/wp\/v2\/media?parent=9630"}],"wp:term":[{"taxonomy":"category","embeddable":true,"href":"https:\/\/eunewsroom.com\/pl\/wp-json\/wp\/v2\/categories?post=9630"},{"taxonomy":"post_tag","embeddable":true,"href":"https:\/\/eunewsroom.com\/pl\/wp-json\/wp\/v2\/tags?post=9630"}],"curies":[{"name":"wp","href":"https:\/\/api.w.org\/{rel}","templated":true}]}}