{"id":9629,"date":"2024-07-14T15:38:37","date_gmt":"2024-07-14T15:38:37","guid":{"rendered":"https:\/\/eunewsroom.com\/rada-ue-zatwierdzila-zwiekszenie-redukcji-emisji-co2-dla-pojazdow-ciezkich-do-45-do-2030-inwestycje-pl\/"},"modified":"2024-07-14T15:38:37","modified_gmt":"2024-07-14T15:38:37","slug":"rada-ue-zatwierdzila-zwiekszenie-redukcji-emisji-co2-dla-pojazdow-ciezkich-do-45-do-2030-inwestycje-pl","status":"publish","type":"post","link":"https:\/\/eunewsroom.com\/pl\/rada-ue-zatwierdzila-zwiekszenie-redukcji-emisji-co2-dla-pojazdow-ciezkich-do-45-do-2030-inwestycje-pl\/","title":{"rendered":"Rada UE zatwierdzi\u0142a zwi\u0119kszenie redukcji emisji CO2 dla pojazd\u00f3w ci\u0119\u017ckich do 45% do 2030 \u2013 Inwestycje.pl"},"content":{"rendered":"<p> <br \/>\n<\/p>\n<div>\n<p class=\"has-medium-font-size\">Rada UE zatwierdzi\u0142a zwi\u0119kszenie redukcji emisji CO2 dla pojazd\u00f3w ci\u0119\u017ckich do 45% od 2030 r. (wzrost z planowanych dotychczas 30%), o 65% od 2035 r. oraz o 90% od 2040 r., poda\u0142a Rada. Wszystkie nowe autobusy miejskie b\u0119d\u0105 musia\u0142y by\u0107 zeroemisyjne ju\u017c w 2035 r.<\/p>\n<p>Nowe normy znalaz\u0142y si\u0119 w przyj\u0119tym dzisiaj rozporz\u0105dzeniu Rady w sprawie norm emisji CO2 dla\u00a0pojazd\u00f3w ci\u0119\u017ckich.<\/p>\n<p>\u201eZaktualizowane przepisy spowoduj\u0105 dalsze ograniczenie\u00a0emisji\u00a0CO2 z transportu drogowego i wprowadz\u0105 nowe cele na lata 2030, 2035 i 2040.\u00a0Bardziej rygorystyczne normy emisji CO2 pomog\u0105 zwi\u0119kszy\u0107&#8230;<\/p>\n<\/div>\n<p><br \/>\n<br \/><a href=\"https:\/\/inwestycje.pl\/gospodarka\/rada-ue-zatwierdzila-zwiekszenie-redukcji-emisji-co2-dla-pojazdow-ciezkich-do-45-do-2030\/\">\u0179r\u00f3d\u0142o<\/a><\/p>\n","protected":false},"excerpt":{"rendered":"<p>Rada UE zatwierdzi\u0142a zwi\u0119kszenie redukcji emisji CO2 dla pojazd\u00f3w ci\u0119\u017ckich do 45% od 2030 r. (wzrost z planowanych dotychczas 30%), o 65% od 2035 r. oraz o 90% od 2040 r., poda\u0142a Rada. Wszystkie nowe autobusy miejskie b\u0119d\u0105 musia\u0142y by\u0107 zeroemisyjne ju\u017c w 2035 r. Nowe normy znalaz\u0142y si\u0119 w przyj\u0119tym dzisiaj rozporz\u0105dzeniu Rady w [&hellip;]<\/p>\n","protected":false},"author":2,"featured_media":0,"comment_status":"closed","ping_status":"closed","sticky":false,"template":"","format":"standard","meta":{"footnotes":""},"categories":[1185],"tags":[],"class_list":{"0":"post-9629","1":"post","2":"type-post","3":"status-publish","4":"format-standard","6":"category-automotive-pl"},"_links":{"self":[{"href":"https:\/\/eunewsroom.com\/pl\/wp-json\/wp\/v2\/posts\/9629","targetHints":{"allow":["GET"]}}],"collection":[{"href":"https:\/\/eunewsroom.com\/pl\/wp-json\/wp\/v2\/posts"}],"about":[{"href":"https:\/\/eunewsroom.com\/pl\/wp-json\/wp\/v2\/types\/post"}],"author":[{"embeddable":true,"href":"https:\/\/eunewsroom.com\/pl\/wp-json\/wp\/v2\/users\/2"}],"replies":[{"embeddable":true,"href":"https:\/\/eunewsroom.com\/pl\/wp-json\/wp\/v2\/comments?post=9629"}],"version-history":[{"count":0,"href":"https:\/\/eunewsroom.com\/pl\/wp-json\/wp\/v2\/posts\/9629\/revisions"}],"wp:attachment":[{"href":"https:\/\/eunewsroom.com\/pl\/wp-json\/wp\/v2\/media?parent=9629"}],"wp:term":[{"taxonomy":"category","embeddable":true,"href":"https:\/\/eunewsroom.com\/pl\/wp-json\/wp\/v2\/categories?post=9629"},{"taxonomy":"post_tag","embeddable":true,"href":"https:\/\/eunewsroom.com\/pl\/wp-json\/wp\/v2\/tags?post=9629"}],"curies":[{"name":"wp","href":"https:\/\/api.w.org\/{rel}","templated":true}]}}