{"id":9628,"date":"2024-07-14T15:38:34","date_gmt":"2024-07-14T15:38:34","guid":{"rendered":"https:\/\/eunewsroom.com\/zaostrzone-normy-emisji-co2-dla-pojazdow-ciezkich-rada-ue-zdecydowala\/"},"modified":"2024-07-14T15:38:34","modified_gmt":"2024-07-14T15:38:34","slug":"zaostrzone-normy-emisji-co2-dla-pojazdow-ciezkich-rada-ue-zdecydowala","status":"publish","type":"post","link":"https:\/\/eunewsroom.com\/pl\/zaostrzone-normy-emisji-co2-dla-pojazdow-ciezkich-rada-ue-zdecydowala\/","title":{"rendered":"Zaostrzone normy emisji CO2 dla pojazd\u00f3w ci\u0119\u017ckich. Rada UE zdecydowa\u0142a"},"content":{"rendered":"<p> <br \/>\n<\/p>\n<div id=\"\">\n<div class=\"sc-1mskw74-0 sc-7eqdwf-0 sc-1fanasd-0 bbIjFG sc-1kwzqcy-0 ckLauT\">\n<p>Jak wynika z\u00a0komunikatu Rady UE, w\u00a0nowych przepisach utrzymano &#8222;wyznaczony na 2025 rok cel redukcji emisji o\u00a015 proc. dla ci\u0119\u017ckich samochod\u00f3w ci\u0119\u017carowych o\u00a0masie powy\u017cej 16 ton&#8221;.<\/p>\n<\/div>\n<div class=\"sc-1mskw74-0 sc-7eqdwf-0 sc-1fanasd-0 bbIjFG sc-1kwzqcy-0 ckLauT\">\n<p><em>Dalsza cz\u0119\u015b\u0107 artyku\u0142u pod materia\u0142em wideo<\/em><\/p>\n<\/div>\n<div class=\"sc-1mskw74-0 gaQUpq\">\n<div class=\"sc-1mskw74-0 iBRgdS\">\n<p>Zobacz tak\u017ce: <!-- -->Im wi\u0119ksze ryzyko, tym wi\u0119ksza musi by\u0107 mar\u017ca &#8211; Jaros\u0142aw Szanajca &#8211; Dom Development w Biznes Klasie<\/p>\n<\/div>\n<p><iframe loading=\"lazy\" title=\"Im wi\u0119ksze ryzyko, tym wi\u0119ksza musi by\u0107 mar\u017ca - Jaros\u0142aw Szanajca - Dom Development w Biznes Klasie\" width=\"1170\" height=\"658\" src=\"https:\/\/www.youtube.com\/embed\/4mjZflv8xwM?feature=oembed\" frameborder=\"0\" allow=\"accelerometer; autoplay; clipboard-write; encrypted-media; gyroscope; picture-in-picture; web-share\" referrerpolicy=\"strict-origin-when-cross-origin\" allowfullscreen><\/iframe><\/p>\n<\/div>\n<div class=\"sc-1mskw74-0 cNUsuV\">\n<div class=\"bJcwZYlP sc-i2doh5-0 bgopVo\"><img decoding=\"async\" class=\"bJcxaJkT\" src=\"https:\/\/v.wpimg.pl\/bGRlci5wTSYzDhVaGgxAM3BWQQpFHz0qPQIGEAdVTmUnTllLGhMLNCZDEB1UAwskfQENEBgHDiYxCQsGWRMHNXwcDQ4XCg\"\/><\/div>\n<\/div>\n<div class=\"sc-1mskw74-0 sc-7eqdwf-0 sc-1fanasd-0 bbIjFG sc-1kwzqcy-0 ckLauT\">\n<p>Dla \u015brednich samochod\u00f3w ci\u0119\u017carowych o\u00a0masie powy\u017cej 7,5 tony i\u00a0autokar\u00f3w, a\u00a0tak\u017ce niekt\u00f3rych pojazd\u00f3w specjalistycznych, ustalono nast\u0119puj\u0105ce cele: 4<strong>5 proc. od 2030&#8230;<\/strong><\/p>\n<\/div>\n<\/div>\n<p><br \/>\n<br \/><a href=\"https:\/\/www.money.pl\/gospodarka\/zaostrzone-normy-emisji-co2-dla-pojazdow-ciezkich-rada-ue-zdecydowala-7027085694020096a.html\">\u0179r\u00f3d\u0142o<\/a><\/p>\n","protected":false},"excerpt":{"rendered":"<p>Jak wynika z\u00a0komunikatu Rady UE, w\u00a0nowych przepisach utrzymano &#8222;wyznaczony na 2025 rok cel redukcji emisji o\u00a015 proc. dla ci\u0119\u017ckich samochod\u00f3w ci\u0119\u017carowych o\u00a0masie powy\u017cej 16 ton&#8221;. Dalsza cz\u0119\u015b\u0107 artyku\u0142u pod materia\u0142em wideo Zobacz tak\u017ce: Im wi\u0119ksze ryzyko, tym wi\u0119ksza musi by\u0107 mar\u017ca &#8211; Jaros\u0142aw Szanajca &#8211; Dom Development w Biznes Klasie Dla \u015brednich samochod\u00f3w ci\u0119\u017carowych o\u00a0masie [&hellip;]<\/p>\n","protected":false},"author":2,"featured_media":0,"comment_status":"closed","ping_status":"closed","sticky":false,"template":"","format":"standard","meta":{"footnotes":""},"categories":[1185],"tags":[],"class_list":{"0":"post-9628","1":"post","2":"type-post","3":"status-publish","4":"format-standard","6":"category-automotive-pl"},"_links":{"self":[{"href":"https:\/\/eunewsroom.com\/pl\/wp-json\/wp\/v2\/posts\/9628","targetHints":{"allow":["GET"]}}],"collection":[{"href":"https:\/\/eunewsroom.com\/pl\/wp-json\/wp\/v2\/posts"}],"about":[{"href":"https:\/\/eunewsroom.com\/pl\/wp-json\/wp\/v2\/types\/post"}],"author":[{"embeddable":true,"href":"https:\/\/eunewsroom.com\/pl\/wp-json\/wp\/v2\/users\/2"}],"replies":[{"embeddable":true,"href":"https:\/\/eunewsroom.com\/pl\/wp-json\/wp\/v2\/comments?post=9628"}],"version-history":[{"count":0,"href":"https:\/\/eunewsroom.com\/pl\/wp-json\/wp\/v2\/posts\/9628\/revisions"}],"wp:attachment":[{"href":"https:\/\/eunewsroom.com\/pl\/wp-json\/wp\/v2\/media?parent=9628"}],"wp:term":[{"taxonomy":"category","embeddable":true,"href":"https:\/\/eunewsroom.com\/pl\/wp-json\/wp\/v2\/categories?post=9628"},{"taxonomy":"post_tag","embeddable":true,"href":"https:\/\/eunewsroom.com\/pl\/wp-json\/wp\/v2\/tags?post=9628"}],"curies":[{"name":"wp","href":"https:\/\/api.w.org\/{rel}","templated":true}]}}