{"id":9625,"date":"2024-07-14T15:38:15","date_gmt":"2024-07-14T15:38:15","guid":{"rendered":"https:\/\/eunewsroom.com\/chinski-samochod-elektryczny-za-prawie-40-tys-zl-trafi-do-europy\/"},"modified":"2024-07-14T15:38:15","modified_gmt":"2024-07-14T15:38:15","slug":"chinski-samochod-elektryczny-za-prawie-40-tys-zl-trafi-do-europy","status":"publish","type":"post","link":"https:\/\/eunewsroom.com\/pl\/chinski-samochod-elektryczny-za-prawie-40-tys-zl-trafi-do-europy\/","title":{"rendered":"Chi\u0144ski samoch\u00f3d elektryczny za prawie 40 tys. z\u0142 trafi do Europy"},"content":{"rendered":"<p> <br \/>\n<\/p>\n<p data-section=\"detail-body\">Chocia\u017c wed\u0142ug Bloomberga europejscy konsumenci nie b\u0119d\u0105 mogli liczy\u0107 na tak\u0105 sam\u0105 cen\u0119 ze wzgl\u0119du na c\u0142a i lokalne standardy, kierownictwo BYD zapowiedzia\u0142o, \u017ce oczekuje si\u0119, \u017ce samoch\u00f3d b\u0119dzie sprzedawany za mniej ni\u017c 85 tys. z\u0142. <\/p>\n<div>\n<aside class=\"intext placeholder wide\" data-configuration=\"{&quot;extraData&quot;:{},&quot;slotName&quot;:&quot;left&quot;,&quot;position&quot;:false,&quot;lazy&quot;:1}\" data-run-module=\"local\/main.intextAd\"\/>\n<p class=\"article_p\" data-section=\"detail-body\">Seagull zosta\u0142 ju\u017c wprowadzony na mniejsze rynki&#8230;<\/p>\n<\/div>\n<p><br \/>\n<br \/><a href=\"https:\/\/businessinsider.com.pl\/technologie\/motoryzacja\/chinski-samochod-elektryczny-za-prawie-40-tys-zl-trafi-do-europy\/s6bx1e2\">\u0179r\u00f3d\u0142o<\/a><\/p>\n","protected":false},"excerpt":{"rendered":"<p>Chocia\u017c wed\u0142ug Bloomberga europejscy konsumenci nie b\u0119d\u0105 mogli liczy\u0107 na tak\u0105 sam\u0105 cen\u0119 ze wzgl\u0119du na c\u0142a i lokalne standardy, kierownictwo BYD zapowiedzia\u0142o, \u017ce oczekuje si\u0119, \u017ce samoch\u00f3d b\u0119dzie sprzedawany za mniej ni\u017c 85 tys. z\u0142. Seagull zosta\u0142 ju\u017c wprowadzony na mniejsze rynki&#8230; \u0179r\u00f3d\u0142o<\/p>\n","protected":false},"author":2,"featured_media":0,"comment_status":"closed","ping_status":"closed","sticky":false,"template":"","format":"standard","meta":{"footnotes":""},"categories":[1185],"tags":[],"class_list":{"0":"post-9625","1":"post","2":"type-post","3":"status-publish","4":"format-standard","6":"category-automotive-pl"},"_links":{"self":[{"href":"https:\/\/eunewsroom.com\/pl\/wp-json\/wp\/v2\/posts\/9625","targetHints":{"allow":["GET"]}}],"collection":[{"href":"https:\/\/eunewsroom.com\/pl\/wp-json\/wp\/v2\/posts"}],"about":[{"href":"https:\/\/eunewsroom.com\/pl\/wp-json\/wp\/v2\/types\/post"}],"author":[{"embeddable":true,"href":"https:\/\/eunewsroom.com\/pl\/wp-json\/wp\/v2\/users\/2"}],"replies":[{"embeddable":true,"href":"https:\/\/eunewsroom.com\/pl\/wp-json\/wp\/v2\/comments?post=9625"}],"version-history":[{"count":0,"href":"https:\/\/eunewsroom.com\/pl\/wp-json\/wp\/v2\/posts\/9625\/revisions"}],"wp:attachment":[{"href":"https:\/\/eunewsroom.com\/pl\/wp-json\/wp\/v2\/media?parent=9625"}],"wp:term":[{"taxonomy":"category","embeddable":true,"href":"https:\/\/eunewsroom.com\/pl\/wp-json\/wp\/v2\/categories?post=9625"},{"taxonomy":"post_tag","embeddable":true,"href":"https:\/\/eunewsroom.com\/pl\/wp-json\/wp\/v2\/tags?post=9625"}],"curies":[{"name":"wp","href":"https:\/\/api.w.org\/{rel}","templated":true}]}}