{"id":9621,"date":"2024-07-14T14:33:57","date_gmt":"2024-07-14T14:33:57","guid":{"rendered":"https:\/\/eunewsroom.com\/unia-zadecyduje-jak-szybko-moze-jechac-twoj-samochod-w-nowych-autach-pojawia-sie-ograniczniki-predkosci\/"},"modified":"2024-07-14T14:33:57","modified_gmt":"2024-07-14T14:33:57","slug":"unia-zadecyduje-jak-szybko-moze-jechac-twoj-samochod-w-nowych-autach-pojawia-sie-ograniczniki-predkosci","status":"publish","type":"post","link":"https:\/\/eunewsroom.com\/pl\/unia-zadecyduje-jak-szybko-moze-jechac-twoj-samochod-w-nowych-autach-pojawia-sie-ograniczniki-predkosci\/","title":{"rendered":"Unia zadecyduje, jak szybko mo\u017ce jecha\u0107 tw\u00f3j samoch\u00f3d. W nowych autach pojawi\u0105 si\u0119 ograniczniki pr\u0119dko\u015bci"},"content":{"rendered":"<p> <br \/>\n<\/p>\n<div id=\"\">\n<p>Od d\u0142u\u017cszego czasu <strong>Unia Europejska przymierza si\u0119 do szeregu rewolucji w bran\u017cy motoryzacyjnej<\/strong>. W\u0142adze UE w obawie o bezpiecze\u0144stwo swoich mieszka\u0144c\u00f3w chc\u0105 montowa\u0107 w nowych autach ograniczniki pr\u0119dko\u015bci. Jak ta zmiana wygl\u0105da w praktyce?<\/p>\n<h2 class=\"wp-block-heading\" id=\"ograniczniki-predkosci-w-nowych-autach-to-pomysl-unii-europejskiej\">Ograniczniki pr\u0119dko\u015bci w nowych autach! To pomys\u0142 Unii Europejskiej<\/h2>\n<figure class=\"wp-block-image size-large\"><a data-pswp-height=\"1709\" data-pswp-width=\"2560\" href=\"https:\/\/static.android.com.pl\/uploads\/2023\/08\/Depositphotos_405952066_XL-scaled.jpg\"><img loading=\"lazy\" loading=\"lazy\" decoding=\"async\" width=\"1280\" height=\"854\" src=\"https:\/\/static.android.com.pl\/uploads\/2023\/08\/Depositphotos_405952066_XL-1280x854.jpg\" alt=\"Unia Europejska wyposa\u017cy nowe samochody w ograniczniki pr\u0119dko\u015bci. Kobieta prowadz\u0105ca samoch\u00f3d, widok z perspektywy pasa\u017cera, skupia si\u0119 na drodze.\" class=\"wp-image-625066\" srcset=\"https:\/\/static.android.com.pl\/uploads\/2023\/08\/Depositphotos_405952066_XL-1280x854.jpg 1280w, https:\/\/static.android.com.pl\/uploads\/2023\/08\/Depositphotos_405952066_XL-768x513.jpg 768w, https:\/\/static.android.com.pl\/uploads\/2023\/08\/Depositphotos_405952066_XL-1536x1025.jpg 1536w, https:\/\/static.android.com.pl\/uploads\/2023\/08\/Depositphotos_405952066_XL-2048x1367.jpg 2048w\" sizes=\"auto, (max-width: 1280px) 100vw, 1280px\"\/><\/a><figcaption class=\"wp-element-caption\">Fot. HayDmitriy \/ Depositphotos<\/figcaption><\/figure>\n<p>W czerwcu dowiedzieli\u015bmy si\u0119, \u017ce <strong>od 6 lipca wszystkie nowe samochody sprzedawane w Unii Europejskiej b\u0119d\u0105 obligatoryjnie <a href=\"https:\/\/android.com.pl\/moto\/753984-czarne-skrzynki-auta-unia-europejska\/\" target=\"_blank\" rel=\"noreferrer noopener\">wyposa\u017cone w czarne skrzynki<\/a> oraz ograniczniki pr\u0119dko\u015bci.<\/strong> O ile pierwszy z tych sprz\u0119t\u00f3w zosta\u0142 przyj\u0119ty bez&#8230;<\/p>\n<\/div>\n<p><br \/>\n<br \/><a href=\"https:\/\/android.com.pl\/moto\/763590-ograniczniki-predkosci-w-ue\/\">\u0179r\u00f3d\u0142o<\/a><\/p>\n","protected":false},"excerpt":{"rendered":"<p>Od d\u0142u\u017cszego czasu Unia Europejska przymierza si\u0119 do szeregu rewolucji w bran\u017cy motoryzacyjnej. W\u0142adze UE w obawie o bezpiecze\u0144stwo swoich mieszka\u0144c\u00f3w chc\u0105 montowa\u0107 w nowych autach ograniczniki pr\u0119dko\u015bci. Jak ta zmiana wygl\u0105da w praktyce? Ograniczniki pr\u0119dko\u015bci w nowych autach! To pomys\u0142 Unii Europejskiej Fot. HayDmitriy \/ Depositphotos W czerwcu dowiedzieli\u015bmy si\u0119, \u017ce od 6 lipca [&hellip;]<\/p>\n","protected":false},"author":2,"featured_media":0,"comment_status":"closed","ping_status":"closed","sticky":false,"template":"","format":"standard","meta":{"footnotes":""},"categories":[1185],"tags":[],"class_list":{"0":"post-9621","1":"post","2":"type-post","3":"status-publish","4":"format-standard","6":"category-automotive-pl"},"_links":{"self":[{"href":"https:\/\/eunewsroom.com\/pl\/wp-json\/wp\/v2\/posts\/9621","targetHints":{"allow":["GET"]}}],"collection":[{"href":"https:\/\/eunewsroom.com\/pl\/wp-json\/wp\/v2\/posts"}],"about":[{"href":"https:\/\/eunewsroom.com\/pl\/wp-json\/wp\/v2\/types\/post"}],"author":[{"embeddable":true,"href":"https:\/\/eunewsroom.com\/pl\/wp-json\/wp\/v2\/users\/2"}],"replies":[{"embeddable":true,"href":"https:\/\/eunewsroom.com\/pl\/wp-json\/wp\/v2\/comments?post=9621"}],"version-history":[{"count":0,"href":"https:\/\/eunewsroom.com\/pl\/wp-json\/wp\/v2\/posts\/9621\/revisions"}],"wp:attachment":[{"href":"https:\/\/eunewsroom.com\/pl\/wp-json\/wp\/v2\/media?parent=9621"}],"wp:term":[{"taxonomy":"category","embeddable":true,"href":"https:\/\/eunewsroom.com\/pl\/wp-json\/wp\/v2\/categories?post=9621"},{"taxonomy":"post_tag","embeddable":true,"href":"https:\/\/eunewsroom.com\/pl\/wp-json\/wp\/v2\/tags?post=9621"}],"curies":[{"name":"wp","href":"https:\/\/api.w.org\/{rel}","templated":true}]}}