{"id":9615,"date":"2024-07-14T14:32:23","date_gmt":"2024-07-14T14:32:23","guid":{"rendered":"https:\/\/eunewsroom.com\/swiatowy-dzien-zdrowia-masz-prawo-do-zdrowia\/"},"modified":"2024-07-14T14:32:23","modified_gmt":"2024-07-14T14:32:23","slug":"swiatowy-dzien-zdrowia-masz-prawo-do-zdrowia","status":"publish","type":"post","link":"https:\/\/eunewsroom.com\/pl\/swiatowy-dzien-zdrowia-masz-prawo-do-zdrowia\/","title":{"rendered":"\u015awiatowy Dzie\u0144 Zdrowia: Masz prawo do zdrowia"},"content":{"rendered":"<p> <br \/>\n<\/p>\n<div>\n<p>\u00a0<\/p>\n<p>7\u00a0kwietnia przypada \u015awiatowy Dzie\u0144 Zdrowia. Has\u0142o tegorocznej edycji \u201eMoje zdrowie, moje prawo\u201d podkre\u015bla, \u017ce <strong><strong>wysokiej jako\u015bci opieka zdrowotna jest podstawowym prawem cz\u0142owieka.<\/strong> Na tej zasadzie opiera si\u0119 r\u00f3wnie\u017c Europejska Unia Zdrowotna, kt\u00f3r\u0105 budujemy od wybuchu pandemii COVID-19 w\u00a02020\u00a0r. UE zapewni\u0142a w\u00f3wczas <strong>wszystkim obywatelom bezpieczne i\u00a0skuteczne szczepionki<\/strong> w\u00a0tym samym czasie i\u00a0na tych samych warunkach.\u00a0<\/strong><\/p>\n<p>Pandemia pokaza\u0142a, \u017ce kraje UE musz\u0105 ze sob\u0105 wsp\u00f3\u0142pracowa\u0107, aby chroni\u0107 zdrowie ludzi. Czerpi\u0105c z\u00a0tych do\u015bwiadcze\u0144, Komisja d\u0105\u017cy do&#8230;<\/p>\n<\/div>\n<p><br \/>\n<br \/><a href=\"https:\/\/commission.europa.eu\/news\/world-health-day-health-right-2024-04-05_pl\">\u0179r\u00f3d\u0142o<\/a><\/p>\n","protected":false},"excerpt":{"rendered":"<p>\u00a0 7\u00a0kwietnia przypada \u015awiatowy Dzie\u0144 Zdrowia. Has\u0142o tegorocznej edycji \u201eMoje zdrowie, moje prawo\u201d podkre\u015bla, \u017ce wysokiej jako\u015bci opieka zdrowotna jest podstawowym prawem cz\u0142owieka. Na tej zasadzie opiera si\u0119 r\u00f3wnie\u017c Europejska Unia Zdrowotna, kt\u00f3r\u0105 budujemy od wybuchu pandemii COVID-19 w\u00a02020\u00a0r. UE zapewni\u0142a w\u00f3wczas wszystkim obywatelom bezpieczne i\u00a0skuteczne szczepionki w\u00a0tym samym czasie i\u00a0na tych samych warunkach.\u00a0 Pandemia [&hellip;]<\/p>\n","protected":false},"author":2,"featured_media":0,"comment_status":"closed","ping_status":"closed","sticky":false,"template":"","format":"standard","meta":{"footnotes":""},"categories":[1184],"tags":[],"class_list":{"0":"post-9615","1":"post","2":"type-post","3":"status-publish","4":"format-standard","6":"category-healthcare-pl"},"_links":{"self":[{"href":"https:\/\/eunewsroom.com\/pl\/wp-json\/wp\/v2\/posts\/9615","targetHints":{"allow":["GET"]}}],"collection":[{"href":"https:\/\/eunewsroom.com\/pl\/wp-json\/wp\/v2\/posts"}],"about":[{"href":"https:\/\/eunewsroom.com\/pl\/wp-json\/wp\/v2\/types\/post"}],"author":[{"embeddable":true,"href":"https:\/\/eunewsroom.com\/pl\/wp-json\/wp\/v2\/users\/2"}],"replies":[{"embeddable":true,"href":"https:\/\/eunewsroom.com\/pl\/wp-json\/wp\/v2\/comments?post=9615"}],"version-history":[{"count":0,"href":"https:\/\/eunewsroom.com\/pl\/wp-json\/wp\/v2\/posts\/9615\/revisions"}],"wp:attachment":[{"href":"https:\/\/eunewsroom.com\/pl\/wp-json\/wp\/v2\/media?parent=9615"}],"wp:term":[{"taxonomy":"category","embeddable":true,"href":"https:\/\/eunewsroom.com\/pl\/wp-json\/wp\/v2\/categories?post=9615"},{"taxonomy":"post_tag","embeddable":true,"href":"https:\/\/eunewsroom.com\/pl\/wp-json\/wp\/v2\/tags?post=9615"}],"curies":[{"name":"wp","href":"https:\/\/api.w.org\/{rel}","templated":true}]}}