{"id":9614,"date":"2024-07-14T14:32:22","date_gmt":"2024-07-14T14:32:22","guid":{"rendered":"https:\/\/eunewsroom.com\/polska-branza-magazynowa-to-potega-jest-wsrod-najprezniejszych-w-europie\/"},"modified":"2024-07-14T14:32:22","modified_gmt":"2024-07-14T14:32:22","slug":"polska-branza-magazynowa-to-potega-jest-wsrod-najprezniejszych-w-europie","status":"publish","type":"post","link":"https:\/\/eunewsroom.com\/pl\/polska-branza-magazynowa-to-potega-jest-wsrod-najprezniejszych-w-europie\/","title":{"rendered":"Polska bran\u017ca magazynowa to pot\u0119g\u0105. Jest w\u015br\u00f3d najpr\u0119\u017cniejszych w Europie"},"content":{"rendered":"<p> <br \/>\n<\/p>\n<div data-articlecontent=\"true\">\n<p><b>Polski rynek\u00a0magazynowy jest jednym z najszybciej rozwijaj\u0105cych si\u0119 w Europie<\/b>, a co za tym idzie &#8211; obiekty\u00a0magazynowe w naszym kraju s\u0105 jednymi z najnowszych. A\u017c<b> 54 proc. istniej\u0105cych zasob\u00f3w stanowi\u0105\u00a0magazyny wybudowane w ci\u0105gu ostatnich pi\u0119ciu lat<\/b> &#8211; poinformowano w raporcie firmy JLL.<\/p>\n<p>Od wej\u015bcia Polski do Unii Europejskiej wynaj\u0119to ponad 30 mln mkw powierzchni\u00a0magazynowej, co oznacza, \u017ce <b>sektor ten powi\u0119kszy\u0142 si\u0119 20-krotnie w ci\u0105gu ostatnich 20 lat. <\/b>Znacz\u0105cy wp\u0142yw na rozkwit rynku\u00a0magazynowego mia\u0142 rozw\u00f3j infrastruktury drogowej w Polsce. W&#8230;<\/p>\n<\/div>\n<p><br \/>\n<br \/><a href=\"https:\/\/biznes.interia.pl\/gospodarka\/news-w-tej-branzy-polska-to-europejska-potega-20-krotny-wzrost-w-,nId,7611940\">\u0179r\u00f3d\u0142o<\/a><\/p>\n","protected":false},"excerpt":{"rendered":"<p>Polski rynek\u00a0magazynowy jest jednym z najszybciej rozwijaj\u0105cych si\u0119 w Europie, a co za tym idzie &#8211; obiekty\u00a0magazynowe w naszym kraju s\u0105 jednymi z najnowszych. A\u017c 54 proc. istniej\u0105cych zasob\u00f3w stanowi\u0105\u00a0magazyny wybudowane w ci\u0105gu ostatnich pi\u0119ciu lat &#8211; poinformowano w raporcie firmy JLL. Od wej\u015bcia Polski do Unii Europejskiej wynaj\u0119to ponad 30 mln mkw powierzchni\u00a0magazynowej, co [&hellip;]<\/p>\n","protected":false},"author":2,"featured_media":0,"comment_status":"closed","ping_status":"closed","sticky":false,"template":"","format":"standard","meta":{"footnotes":""},"categories":[1193],"tags":[],"class_list":{"0":"post-9614","1":"post","2":"type-post","3":"status-publish","4":"format-standard","6":"category-business-pl"},"_links":{"self":[{"href":"https:\/\/eunewsroom.com\/pl\/wp-json\/wp\/v2\/posts\/9614","targetHints":{"allow":["GET"]}}],"collection":[{"href":"https:\/\/eunewsroom.com\/pl\/wp-json\/wp\/v2\/posts"}],"about":[{"href":"https:\/\/eunewsroom.com\/pl\/wp-json\/wp\/v2\/types\/post"}],"author":[{"embeddable":true,"href":"https:\/\/eunewsroom.com\/pl\/wp-json\/wp\/v2\/users\/2"}],"replies":[{"embeddable":true,"href":"https:\/\/eunewsroom.com\/pl\/wp-json\/wp\/v2\/comments?post=9614"}],"version-history":[{"count":0,"href":"https:\/\/eunewsroom.com\/pl\/wp-json\/wp\/v2\/posts\/9614\/revisions"}],"wp:attachment":[{"href":"https:\/\/eunewsroom.com\/pl\/wp-json\/wp\/v2\/media?parent=9614"}],"wp:term":[{"taxonomy":"category","embeddable":true,"href":"https:\/\/eunewsroom.com\/pl\/wp-json\/wp\/v2\/categories?post=9614"},{"taxonomy":"post_tag","embeddable":true,"href":"https:\/\/eunewsroom.com\/pl\/wp-json\/wp\/v2\/tags?post=9614"}],"curies":[{"name":"wp","href":"https:\/\/api.w.org\/{rel}","templated":true}]}}