{"id":9610,"date":"2024-07-14T14:29:15","date_gmt":"2024-07-14T14:29:15","guid":{"rendered":"https:\/\/eunewsroom.com\/zmiany-w-polskim-kpo-komisja-europejska-podjela-decyzje\/"},"modified":"2024-07-14T14:29:15","modified_gmt":"2024-07-14T14:29:15","slug":"zmiany-w-polskim-kpo-komisja-europejska-podjela-decyzje","status":"publish","type":"post","link":"https:\/\/eunewsroom.com\/pl\/zmiany-w-polskim-kpo-komisja-europejska-podjela-decyzje\/","title":{"rendered":"Zmiany w polskim KPO. Komisja Europejska podj\u0119\u0142a decyzj\u0119"},"content":{"rendered":"<p> <br \/>\n<\/p>\n<div data-articlecontent=\"true\">\n<p>Pod koniec kwietnia rz\u0105d Donalda Tuska dokona\u0142 rewizji w<b> Krajowym Planie Odbudowy<\/b>. W\u015br\u00f3d najwa\u017cniejszych zmian s\u0105 m.in. podwy\u017cszenie \u015brodk\u00f3w, kt\u00f3re otrzymaj\u0105 <b>szpitale powiatowe o 600 mln z\u0142<\/b>, przekazanie podobnej kwoty na dofinansowanie\u00a0<b>ocieple\u0144 budynk\u00f3w<\/b> oraz dodatkowe zagospodarowanie<b> 2,5 mld z\u0142 na wsparcie dla rolnik\u00f3w.<\/b><\/p>\n<p> Ponadto w aktualizacji strategii wydatkowania europejskich \u015brodk\u00f3w zrezygnowano z wprowadzenia <b>podatku od aut spalinowych.<\/b> Taki punkt wcze\u015bniej stanowi\u0142 jeden z ponad 300 kamieni milowych, natomiast zosta\u0142 zast\u0105piony dop\u0142atami&#8230;<\/p>\n<\/div>\n<p><br \/>\n<br \/><a href=\"https:\/\/biznes.interia.pl\/gospodarka\/news-zmiany-w-polskim-kpo-komisja-europejska-podjela-decyzje,nId,7619814\">\u0179r\u00f3d\u0142o<\/a><\/p>\n","protected":false},"excerpt":{"rendered":"<p>Pod koniec kwietnia rz\u0105d Donalda Tuska dokona\u0142 rewizji w Krajowym Planie Odbudowy. W\u015br\u00f3d najwa\u017cniejszych zmian s\u0105 m.in. podwy\u017cszenie \u015brodk\u00f3w, kt\u00f3re otrzymaj\u0105 szpitale powiatowe o 600 mln z\u0142, przekazanie podobnej kwoty na dofinansowanie\u00a0ocieple\u0144 budynk\u00f3w oraz dodatkowe zagospodarowanie 2,5 mld z\u0142 na wsparcie dla rolnik\u00f3w. Ponadto w aktualizacji strategii wydatkowania europejskich \u015brodk\u00f3w zrezygnowano z wprowadzenia podatku od [&hellip;]<\/p>\n","protected":false},"author":2,"featured_media":0,"comment_status":"closed","ping_status":"closed","sticky":false,"template":"","format":"standard","meta":{"footnotes":""},"categories":[1193],"tags":[],"class_list":{"0":"post-9610","1":"post","2":"type-post","3":"status-publish","4":"format-standard","6":"category-business-pl"},"_links":{"self":[{"href":"https:\/\/eunewsroom.com\/pl\/wp-json\/wp\/v2\/posts\/9610","targetHints":{"allow":["GET"]}}],"collection":[{"href":"https:\/\/eunewsroom.com\/pl\/wp-json\/wp\/v2\/posts"}],"about":[{"href":"https:\/\/eunewsroom.com\/pl\/wp-json\/wp\/v2\/types\/post"}],"author":[{"embeddable":true,"href":"https:\/\/eunewsroom.com\/pl\/wp-json\/wp\/v2\/users\/2"}],"replies":[{"embeddable":true,"href":"https:\/\/eunewsroom.com\/pl\/wp-json\/wp\/v2\/comments?post=9610"}],"version-history":[{"count":0,"href":"https:\/\/eunewsroom.com\/pl\/wp-json\/wp\/v2\/posts\/9610\/revisions"}],"wp:attachment":[{"href":"https:\/\/eunewsroom.com\/pl\/wp-json\/wp\/v2\/media?parent=9610"}],"wp:term":[{"taxonomy":"category","embeddable":true,"href":"https:\/\/eunewsroom.com\/pl\/wp-json\/wp\/v2\/categories?post=9610"},{"taxonomy":"post_tag","embeddable":true,"href":"https:\/\/eunewsroom.com\/pl\/wp-json\/wp\/v2\/tags?post=9610"}],"curies":[{"name":"wp","href":"https:\/\/api.w.org\/{rel}","templated":true}]}}