{"id":9609,"date":"2024-07-14T14:29:15","date_gmt":"2024-07-14T14:29:15","guid":{"rendered":"https:\/\/eunewsroom.com\/europa-podwoila-inwestycje-w-magazyny-energii-dzieki-prosumentom\/"},"modified":"2024-07-14T14:29:15","modified_gmt":"2024-07-14T14:29:15","slug":"europa-podwoila-inwestycje-w-magazyny-energii-dzieki-prosumentom","status":"publish","type":"post","link":"https:\/\/eunewsroom.com\/pl\/europa-podwoila-inwestycje-w-magazyny-energii-dzieki-prosumentom\/","title":{"rendered":"Europa podwoi\u0142a inwestycje w magazyny energii. Dzi\u0119ki prosumentom"},"content":{"rendered":"<p> <br \/>\n<\/p>\n<div>\n<figure class=\"\"><img decoding=\"async\" srcset=\"https:\/\/cdn.gramwzielone.pl\/wp-content\/uploads\/2024\/06\/BMZ_magazyn_energii_prosument1-aspect-ratio-618-360-921x537.jpg 921w, https:\/\/cdn.gramwzielone.pl\/wp-content\/uploads\/2024\/06\/BMZ_magazyn_energii_prosument1-aspect-ratio-618-360-480x280.jpg 480w, https:\/\/cdn.gramwzielone.pl\/wp-content\/uploads\/2024\/06\/BMZ_magazyn_energii_prosument1-aspect-ratio-618-360-291x170.jpg 291w\" sizes=\"(max-width: 768px) 100vw, (max-width: 1260px) 75vw, 921px\" src=\"https:\/\/www.gramwzielone.pl\/magazynowanie-energii\/20204480\/aspect-ratio: auto 921 \/ 537\" alt=\"Europa podwoi\u0142a inwestycje w magazyny energii. Dzi\u0119ki prosumentom\"\/><figcaption>BMZ<\/figcaption><\/figure>\n<p><strong>Niemal 100-proc. wzrost inwestycji odnotowa\u0142 w ubieg\u0142ym roku europejski rynek magazyn\u00f3w energii. Segment prosumencki pozwoli\u0142 utrzyma\u0107 pozycj\u0119 europejskiego lidera Niemcom. Do pierwszej pi\u0105tki weszli Czesi \u2013 r\u00f3wnie\u017c dzi\u0119ki inwestycjom prosument\u00f3w. \u00a0<\/strong><\/p>\n<p>Raport na temat obecnej kondycji i perspektyw europejskiego rynku bateryjnych magazyn\u00f3w energii pt. \u201eEuropean Market Outlook for Battery Storage 2024-2028\u201d wyda\u0142o bran\u017cowe stowarzyszenie SolarPower Europe (SPE). Z <a href=\"https:\/\/www.solarpowereurope.org\/press-releases\/new-analysis-reveals-european-solar-battery-storage-market-increased-by-94-in-2023\" target=\"_blank\" rel=\"noopener\">raportu<\/a> wynika, \u017ce w 2023 r. w Europie zainstalowane&#8230;<\/p>\n<\/div>\n<p><br \/>\n<br \/><a href=\"https:\/\/www.gramwzielone.pl\/magazynowanie-energii\/20204480\/europa-podwoila-inwestycje-w-magazyny-energii-dzieki-prosumentom\">\u0179r\u00f3d\u0142o<\/a><\/p>\n","protected":false},"excerpt":{"rendered":"<p>BMZ Niemal 100-proc. wzrost inwestycji odnotowa\u0142 w ubieg\u0142ym roku europejski rynek magazyn\u00f3w energii. Segment prosumencki pozwoli\u0142 utrzyma\u0107 pozycj\u0119 europejskiego lidera Niemcom. Do pierwszej pi\u0105tki weszli Czesi \u2013 r\u00f3wnie\u017c dzi\u0119ki inwestycjom prosument\u00f3w. \u00a0 Raport na temat obecnej kondycji i perspektyw europejskiego rynku bateryjnych magazyn\u00f3w energii pt. \u201eEuropean Market Outlook for Battery Storage 2024-2028\u201d wyda\u0142o bran\u017cowe stowarzyszenie [&hellip;]<\/p>\n","protected":false},"author":2,"featured_media":0,"comment_status":"closed","ping_status":"closed","sticky":false,"template":"","format":"standard","meta":{"footnotes":""},"categories":[1192],"tags":[],"class_list":{"0":"post-9609","1":"post","2":"type-post","3":"status-publish","4":"format-standard","6":"category-energy-pl"},"_links":{"self":[{"href":"https:\/\/eunewsroom.com\/pl\/wp-json\/wp\/v2\/posts\/9609","targetHints":{"allow":["GET"]}}],"collection":[{"href":"https:\/\/eunewsroom.com\/pl\/wp-json\/wp\/v2\/posts"}],"about":[{"href":"https:\/\/eunewsroom.com\/pl\/wp-json\/wp\/v2\/types\/post"}],"author":[{"embeddable":true,"href":"https:\/\/eunewsroom.com\/pl\/wp-json\/wp\/v2\/users\/2"}],"replies":[{"embeddable":true,"href":"https:\/\/eunewsroom.com\/pl\/wp-json\/wp\/v2\/comments?post=9609"}],"version-history":[{"count":0,"href":"https:\/\/eunewsroom.com\/pl\/wp-json\/wp\/v2\/posts\/9609\/revisions"}],"wp:attachment":[{"href":"https:\/\/eunewsroom.com\/pl\/wp-json\/wp\/v2\/media?parent=9609"}],"wp:term":[{"taxonomy":"category","embeddable":true,"href":"https:\/\/eunewsroom.com\/pl\/wp-json\/wp\/v2\/categories?post=9609"},{"taxonomy":"post_tag","embeddable":true,"href":"https:\/\/eunewsroom.com\/pl\/wp-json\/wp\/v2\/tags?post=9609"}],"curies":[{"name":"wp","href":"https:\/\/api.w.org\/{rel}","templated":true}]}}