{"id":9608,"date":"2024-07-14T14:29:14","date_gmt":"2024-07-14T14:29:14","guid":{"rendered":"https:\/\/eunewsroom.com\/pralki-i-lodowki-nie-beda-juz-jednorazowe-producenci-maja-nowy-obowiazek\/"},"modified":"2024-07-14T14:29:14","modified_gmt":"2024-07-14T14:29:14","slug":"pralki-i-lodowki-nie-beda-juz-jednorazowe-producenci-maja-nowy-obowiazek","status":"publish","type":"post","link":"https:\/\/eunewsroom.com\/pl\/pralki-i-lodowki-nie-beda-juz-jednorazowe-producenci-maja-nowy-obowiazek\/","title":{"rendered":"Pralki i lod\u00f3wki nie b\u0119d\u0105 ju\u017c jednorazowe. Producenci maj\u0105 nowy obowi\u0105zek"},"content":{"rendered":"<p> <br \/>\n<\/p>\n<div data-articlecontent=\"true\">\n<p>Obecnie europejscy konsumenci, zamiast naprawia\u0107 popsute sprz\u0119ty, cz\u0119sto wol\u0105 wymieni\u0107 je na nowe. To dlatego, \u017ce<b> naprawy s\u0105 kosztowne, na rynku brakuje cz\u0119\u015bci zamiennych<\/b> lub producenci, projektuj\u0105c urz\u0105dzenia, w og\u00f3le nie zak\u0142adali mo\u017cliwo\u015bci ich naprawy i np. urz\u0105dzenia s\u0105 plombowane tak, \u017ce nie daje si\u0119 ich otworzy\u0107.<\/p>\n<aside class=\"embed embed-article-list embed-article-single firstfull embed-left\">&#13;<\/p>\n<ul class=\"embed-list\">&#13;<\/p>\n<li class=\"embed-article-item i1 item-full\">&#13;\n<div class=\"embed-tile\">\n                        <!-- fb shares:  --><br \/>\n                <a class=\"embed-tile-thumb\" href=\"https:\/\/biznes.interia.pl\/gospodarka\/news-ani-pralka-ani-lodowka-ten-domowy-sprzet-to-wampir-energetyc,nId,7538926\">&#13;<br \/>\n                        &#13;\n                            <picture>&#13;<source srcset=\"https:\/\/i.iplsc.com\/ani-pralka-ani-lodowka-ten-domowy-sprzet-to-wampir-energetyc\/000GB1XRE0S2V9LC-C459.webp\" type=\"image\/webp\"\/>&#13;<br \/>\n                    <img decoding=\"async\" src=\"https:\/\/i.iplsc.com\/ani-pralka-ani-lodowka-ten-domowy-sprzet-to-wampir-energetyc\/000GB1XRE0S2V9LC-C459.jpg\" class=\"embed-tile-img img-responsive\" alt=\"Ani pralka, ani lod\u00f3wka. Ten domowy sprz\u0119t to &quot;wampir energetyczny&quot;\"\/>&#13;<br \/>\n           &#8230;<\/picture><\/a><\/div>\n<\/li>\n<\/ul>\n<\/aside>\n<\/div>\n<p><br \/>\n<br \/><a href=\"https:\/\/biznes.interia.pl\/finanse\/news-nadchodzi-rewolucja-w-uzytkowaniu-agd-jest-nowa-europejska-d,nId,7545599\">\u0179r\u00f3d\u0142o<\/a><\/p>\n","protected":false},"excerpt":{"rendered":"<p>Obecnie europejscy konsumenci, zamiast naprawia\u0107 popsute sprz\u0119ty, cz\u0119sto wol\u0105 wymieni\u0107 je na nowe. To dlatego, \u017ce naprawy s\u0105 kosztowne, na rynku brakuje cz\u0119\u015bci zamiennych lub producenci, projektuj\u0105c urz\u0105dzenia, w og\u00f3le nie zak\u0142adali mo\u017cliwo\u015bci ich naprawy i np. urz\u0105dzenia s\u0105 plombowane tak, \u017ce nie daje si\u0119 ich otworzy\u0107. &#13; &#13; &#13; &#13; &#13; &#13;&#13; &#13; &#8230; [&hellip;]<\/p>\n","protected":false},"author":2,"featured_media":0,"comment_status":"closed","ping_status":"closed","sticky":false,"template":"","format":"standard","meta":{"footnotes":""},"categories":[1188],"tags":[],"class_list":{"0":"post-9608","1":"post","2":"type-post","3":"status-publish","4":"format-standard","6":"category-finance-pl"},"_links":{"self":[{"href":"https:\/\/eunewsroom.com\/pl\/wp-json\/wp\/v2\/posts\/9608","targetHints":{"allow":["GET"]}}],"collection":[{"href":"https:\/\/eunewsroom.com\/pl\/wp-json\/wp\/v2\/posts"}],"about":[{"href":"https:\/\/eunewsroom.com\/pl\/wp-json\/wp\/v2\/types\/post"}],"author":[{"embeddable":true,"href":"https:\/\/eunewsroom.com\/pl\/wp-json\/wp\/v2\/users\/2"}],"replies":[{"embeddable":true,"href":"https:\/\/eunewsroom.com\/pl\/wp-json\/wp\/v2\/comments?post=9608"}],"version-history":[{"count":0,"href":"https:\/\/eunewsroom.com\/pl\/wp-json\/wp\/v2\/posts\/9608\/revisions"}],"wp:attachment":[{"href":"https:\/\/eunewsroom.com\/pl\/wp-json\/wp\/v2\/media?parent=9608"}],"wp:term":[{"taxonomy":"category","embeddable":true,"href":"https:\/\/eunewsroom.com\/pl\/wp-json\/wp\/v2\/categories?post=9608"},{"taxonomy":"post_tag","embeddable":true,"href":"https:\/\/eunewsroom.com\/pl\/wp-json\/wp\/v2\/tags?post=9608"}],"curies":[{"name":"wp","href":"https:\/\/api.w.org\/{rel}","templated":true}]}}