{"id":9606,"date":"2024-07-14T14:29:11","date_gmt":"2024-07-14T14:29:11","guid":{"rendered":"https:\/\/eunewsroom.com\/komisja-europejska-zatwierdzila-zmiany-w-polskim-krajowym-planie-odbudowy\/"},"modified":"2024-07-14T14:29:11","modified_gmt":"2024-07-14T14:29:11","slug":"komisja-europejska-zatwierdzila-zmiany-w-polskim-krajowym-planie-odbudowy","status":"publish","type":"post","link":"https:\/\/eunewsroom.com\/pl\/komisja-europejska-zatwierdzila-zmiany-w-polskim-krajowym-planie-odbudowy\/","title":{"rendered":"Komisja Europejska zatwierdzi\u0142a zmiany w polskim Krajowym Planie Odbudowy"},"content":{"rendered":"<p> <br \/>\n<\/p>\n<div>\n<div class=\"article-element article-element--lead_text\">\n<p class=\"lead-text\">We wtorek Komisja Europejska zatwierdzi\u0142a zmiany w Krajowym Planie Odbudowy zaproponowane przez polski rz\u0105d pod koniec kwietnia. W dokumencie, kt\u00f3ry trafi\u0142  do Brukseli wnioskowano mi\u0119dzy innymi o rezygnacj\u0119 z op\u0142at za rejestracj\u0119 pojazd\u00f3w spalinowych w zamian za dop\u0142aty do aut elektrycznych.<\/p>\n<\/div>\n<p><span class=\"placeholder-wrapper\"\/><\/p>\n<div class=\"article-element article-element--paragraph\">\n<p class=\"paragraph\"><span>Zmiany w polskim KPO musz\u0105 jeszcze zaakceptowa\u0107 kraje cz\u0142onkowskie, kt\u00f3re maj\u0105 na to cztery tygodnie.<\/span><\/p>\n<\/div>\n<p><h2 class=\"heading heading--size-24\">Zmiany w\u00a0KPO przyj\u0119te przez\u00a0Komisj\u0119 Europejsk\u0105<\/h2>\n<\/p>\n<div class=\"article-element article-element--paragraph\">\n<p class=\"paragraph\"><span>Z opublikowanego we wtorek komunikatu KE wynika, \u017ce <strong>warto\u015b\u0107 polskiego KPO si\u0119 nie zmieni<\/strong> &#8211; Polska otrzyma z funduszu odbudowy 59,8&#8230;<\/span><\/p>\n<\/div>\n<\/div>\n<p><br \/>\n<br \/><a href=\"https:\/\/tvn24.pl\/biznes\/najnowsze\/komisja-europejska-zatwierdzila-zmiany-w-polskim-krajowym-planie-odbudowy-st7987727\">\u0179r\u00f3d\u0142o<\/a><\/p>\n","protected":false},"excerpt":{"rendered":"<p>We wtorek Komisja Europejska zatwierdzi\u0142a zmiany w Krajowym Planie Odbudowy zaproponowane przez polski rz\u0105d pod koniec kwietnia. W dokumencie, kt\u00f3ry trafi\u0142 do Brukseli wnioskowano mi\u0119dzy innymi o rezygnacj\u0119 z op\u0142at za rejestracj\u0119 pojazd\u00f3w spalinowych w zamian za dop\u0142aty do aut elektrycznych. Zmiany w polskim KPO musz\u0105 jeszcze zaakceptowa\u0107 kraje cz\u0142onkowskie, kt\u00f3re maj\u0105 na to cztery [&hellip;]<\/p>\n","protected":false},"author":2,"featured_media":0,"comment_status":"closed","ping_status":"closed","sticky":false,"template":"","format":"standard","meta":{"footnotes":""},"categories":[1193],"tags":[],"class_list":{"0":"post-9606","1":"post","2":"type-post","3":"status-publish","4":"format-standard","6":"category-business-pl"},"_links":{"self":[{"href":"https:\/\/eunewsroom.com\/pl\/wp-json\/wp\/v2\/posts\/9606","targetHints":{"allow":["GET"]}}],"collection":[{"href":"https:\/\/eunewsroom.com\/pl\/wp-json\/wp\/v2\/posts"}],"about":[{"href":"https:\/\/eunewsroom.com\/pl\/wp-json\/wp\/v2\/types\/post"}],"author":[{"embeddable":true,"href":"https:\/\/eunewsroom.com\/pl\/wp-json\/wp\/v2\/users\/2"}],"replies":[{"embeddable":true,"href":"https:\/\/eunewsroom.com\/pl\/wp-json\/wp\/v2\/comments?post=9606"}],"version-history":[{"count":0,"href":"https:\/\/eunewsroom.com\/pl\/wp-json\/wp\/v2\/posts\/9606\/revisions"}],"wp:attachment":[{"href":"https:\/\/eunewsroom.com\/pl\/wp-json\/wp\/v2\/media?parent=9606"}],"wp:term":[{"taxonomy":"category","embeddable":true,"href":"https:\/\/eunewsroom.com\/pl\/wp-json\/wp\/v2\/categories?post=9606"},{"taxonomy":"post_tag","embeddable":true,"href":"https:\/\/eunewsroom.com\/pl\/wp-json\/wp\/v2\/tags?post=9606"}],"curies":[{"name":"wp","href":"https:\/\/api.w.org\/{rel}","templated":true}]}}