{"id":9604,"date":"2024-07-14T14:29:10","date_gmt":"2024-07-14T14:29:10","guid":{"rendered":"https:\/\/eunewsroom.com\/za-tania-energia-elektryczna-to-problem-europa-ma-nieoczywiste-klopoty\/"},"modified":"2024-07-14T14:29:10","modified_gmt":"2024-07-14T14:29:10","slug":"za-tania-energia-elektryczna-to-problem-europa-ma-nieoczywiste-klopoty","status":"publish","type":"post","link":"https:\/\/eunewsroom.com\/pl\/za-tania-energia-elektryczna-to-problem-europa-ma-nieoczywiste-klopoty\/","title":{"rendered":"Za tania energia elektryczna to&#8230; problem. Europa ma nieoczywiste k\u0142opoty"},"content":{"rendered":"<p> <br \/>\n<\/p>\n<div id=\"\">\n<section class=\"block\" style=\"grid-column:span 6;grid-row:span 3;\">\n<header siteservice=\"[object Object]\" data-ssr-key=\"0\" class=\"article-header --theme-energetyka24\"> <a href=\"https:\/\/energetyka24.com\/elektroenergetyka\/wiadomosci\" target=\"_self\" class=\"text-decoration-none router-link-active\" rel=\"noopener\"><span\/><\/a>   <\/p>\n<div class=\"article-header__wrap\">\n<div class=\"article-header__image\">\n<figure class=\"image-with-caption\">\n<div>\n<div class=\"image-with-caption__image-wrapper\"><img fetchpriority=\"high\" decoding=\"async\" src=\"https:\/\/cdn.defence24.pl\/2023\/12\/15\/800x450px\/z63oOBLz8An5ZohmgdTsPWqvRtNVFhaP3SxCOedz.r1jp.jpg\" alt=\"Sieci elektroenergetyczne\" srcset=\"https:\/\/cdn.defence24.pl\/2023\/12\/15\/800x450px\/z63oOBLz8An5ZohmgdTsPWqvRtNVFhaP3SxCOedz.r1jp.jpg, https:\/\/cdn.defence24.pl\/2023\/12\/15\/1024x576px\/z63oOBLz8An5ZohmgdTsPWqvRtNVFhaP3SxCOedz.kpiu.jpg 2x\" width=\"800\" height=\"450\" author=\"Redzen2 \/ Envato\" fetchpriority=\"high\" class=\"img image-with-caption__image\"\/> <!----> <!----><\/div>\n<p> <!----><\/div><figcaption class=\"image-with-caption__caption\">\n        Sieci elektroenergetyczne<br \/>\n       <cite><br \/>Autor. Redzen2 \/ Envato<br \/>\n      <\/cite><\/figcaption><\/figure>\n<p> <!----><\/div>\n<\/div>\n<ul class=\"article-share list-inline d-lg-none bg-black mb-0\">\n<li class=\"article-share-item list-inline-item m-0\"><button class=\"share-button btn-link-dark px-0 btn\"><i class=\"share-button__icon icon-facebook --small\"\/> <span class=\"text-ui-x-small text-uppercase mb-0\"><br \/>\n        Facebook<br \/>\n      <\/span><\/button><\/li>\n<li class=\"article-share-item list-inline-item m-0\"><button class=\"share-button btn-link-dark px-0 btn\"><i class=\"share-button__icon icon-twitter --small\"\/> <span class=\"text-ui-x-small text-uppercase mb-0\"><br \/>\n        Twitter<br \/>\n      <\/span><\/button><\/li>\n<li class=\"article-share-item list-inline-item m-0\"><button class=\"share-button btn-link-dark px-0 btn\"><i class=\"share-button__icon icon-linkedin --small\"\/> <span class=\"text-ui-x-small text-uppercase mb-0\"><br \/>\n        LinkedIn<br \/>\n      <\/span><\/button><\/li>\n<li class=\"article-share-item list-inline-item m-0\"><button class=\"share-button btn-link-dark px-0 btn\"><i class=\"share-button__icon icon-link --small\"\/> <span class=\"text-ui-x-small text-uppercase mb-0\"><br \/>\n        Kopiuj link<br \/>\n      <\/span><\/button><\/li>\n<li class=\"article-share-item list-inline-item m-0\"><button class=\"share-button btn-link-dark px-0 btn\"><i class=\"share-button__icon icon-email --small\"\/> <span class=\"text-ui-x-small text-uppercase mb-0\"><br \/>\n        Wy\u015blij email<br \/>\n      <\/span><\/button><\/li>\n<\/ul>\n<div class=\"article-header__lead\">\n<p>\u201eThe Economist\u201d zwr\u00f3ci\u0142 uwag\u0119 na to, co dzieje si\u0119 w poszczeg\u00f3lnych pa\u0144stwach europejskich, kt\u00f3re postawi\u0142y na rozw\u00f3j odnawialnych \u017ar\u00f3de\u0142 energii. W wielu z nich \u2013 co brzmi by\u0107 mo\u017ce absurdalnie \u2013 energia elektryczna jest za tania. Rodzi to niespotykane dot\u0105d problemy.<\/p>\n<\/div>\n<\/header>\n<p> <!----> <\/section>\n<section class=\"block\" style=\"grid-column:span 6;grid-row:span 1;\">\n<p class=\"paragraph-module\">Ujemne ceny energii elektrycznej to zmora dla uczestnik\u00f3w rynku energii, w&#8230;<\/p>\n<\/section>\n<\/div>\n<p><br \/>\n<br \/><a href=\"https:\/\/energetyka24.com\/elektroenergetyka\/wiadomosci\/za-tania-energia-elektryczna-to-problem-europa-ma-nieoczywiste-klopoty\">\u0179r\u00f3d\u0142o<\/a><\/p>\n","protected":false},"excerpt":{"rendered":"<p>Sieci elektroenergetyczne Autor. Redzen2 \/ Envato Facebook Twitter LinkedIn Kopiuj link Wy\u015blij email \u201eThe Economist\u201d zwr\u00f3ci\u0142 uwag\u0119 na to, co dzieje si\u0119 w poszczeg\u00f3lnych pa\u0144stwach europejskich, kt\u00f3re postawi\u0142y na rozw\u00f3j odnawialnych \u017ar\u00f3de\u0142 energii. W wielu z nich \u2013 co brzmi by\u0107 mo\u017ce absurdalnie \u2013 energia elektryczna jest za tania. Rodzi to niespotykane dot\u0105d problemy. Ujemne [&hellip;]<\/p>\n","protected":false},"author":2,"featured_media":0,"comment_status":"closed","ping_status":"closed","sticky":false,"template":"","format":"standard","meta":{"footnotes":""},"categories":[1192],"tags":[],"class_list":{"0":"post-9604","1":"post","2":"type-post","3":"status-publish","4":"format-standard","6":"category-energy-pl"},"_links":{"self":[{"href":"https:\/\/eunewsroom.com\/pl\/wp-json\/wp\/v2\/posts\/9604","targetHints":{"allow":["GET"]}}],"collection":[{"href":"https:\/\/eunewsroom.com\/pl\/wp-json\/wp\/v2\/posts"}],"about":[{"href":"https:\/\/eunewsroom.com\/pl\/wp-json\/wp\/v2\/types\/post"}],"author":[{"embeddable":true,"href":"https:\/\/eunewsroom.com\/pl\/wp-json\/wp\/v2\/users\/2"}],"replies":[{"embeddable":true,"href":"https:\/\/eunewsroom.com\/pl\/wp-json\/wp\/v2\/comments?post=9604"}],"version-history":[{"count":0,"href":"https:\/\/eunewsroom.com\/pl\/wp-json\/wp\/v2\/posts\/9604\/revisions"}],"wp:attachment":[{"href":"https:\/\/eunewsroom.com\/pl\/wp-json\/wp\/v2\/media?parent=9604"}],"wp:term":[{"taxonomy":"category","embeddable":true,"href":"https:\/\/eunewsroom.com\/pl\/wp-json\/wp\/v2\/categories?post=9604"},{"taxonomy":"post_tag","embeddable":true,"href":"https:\/\/eunewsroom.com\/pl\/wp-json\/wp\/v2\/tags?post=9604"}],"curies":[{"name":"wp","href":"https:\/\/api.w.org\/{rel}","templated":true}]}}