{"id":9603,"date":"2024-07-14T14:29:09","date_gmt":"2024-07-14T14:29:09","guid":{"rendered":"https:\/\/eunewsroom.com\/europejski-fundusz-na-pomoc-w-aborcji-tego-domagaja-sie-aktywisci-euractiv-pl\/"},"modified":"2024-07-14T14:29:09","modified_gmt":"2024-07-14T14:29:09","slug":"europejski-fundusz-na-pomoc-w-aborcji-tego-domagaja-sie-aktywisci-euractiv-pl","status":"publish","type":"post","link":"https:\/\/eunewsroom.com\/pl\/europejski-fundusz-na-pomoc-w-aborcji-tego-domagaja-sie-aktywisci-euractiv-pl\/","title":{"rendered":"Europejski fundusz na pomoc w aborcji? Tego domagaj\u0105 si\u0119 aktywi\u015bci \u2013 EURACTIV.pl"},"content":{"rendered":"<p> <br \/>\n<\/p>\n<div>\n<h2>Organizacje pozarz\u0105dowe z o\u015bmiu pa\u0144stw zebra\u0142y w tydzie\u0144 ponad 100 tys. g\u0142os\u00f3w poparcia dla europejskiej inicjatywy obywatelskiej \u201eMy Voice, My Choice: Za bezpieczn\u0105 i dost\u0119pn\u0105 aborcj\u0105\u201d. Przewiduje ona stworzenie systemu pomocy w aborcji kobietom w krajach, gdzie prawo do tego zabiegu jest ograniczone.<\/h2>\n<p>\u00a0<\/p>\n<p>Organizacje argumentuj\u0105, \u017ce chc\u0105 umo\u017cliwi\u0107 kobietom dokonywanie aborcji niezale\u017cnie od kraju zamieszkania i obowi\u0105zuj\u0105cego tam prawa. W ramach swojej europejskiej inicjatywy obywatelskiej domagaj\u0105 si\u0119 stworzenia funduszu na pokrycie koszt\u00f3w&#8230;<\/p>\n<\/div>\n<p><br \/>\n<br \/><a href=\"https:\/\/www.euractiv.pl\/section\/praca-i-polityka-spoleczna\/news\/europejski-fundusz-na-pomoc-w-aborcji-tego-domagaja-sie-aktywisci\/\">\u0179r\u00f3d\u0142o<\/a><\/p>\n","protected":false},"excerpt":{"rendered":"<p>Organizacje pozarz\u0105dowe z o\u015bmiu pa\u0144stw zebra\u0142y w tydzie\u0144 ponad 100 tys. g\u0142os\u00f3w poparcia dla europejskiej inicjatywy obywatelskiej \u201eMy Voice, My Choice: Za bezpieczn\u0105 i dost\u0119pn\u0105 aborcj\u0105\u201d. Przewiduje ona stworzenie systemu pomocy w aborcji kobietom w krajach, gdzie prawo do tego zabiegu jest ograniczone. \u00a0 Organizacje argumentuj\u0105, \u017ce chc\u0105 umo\u017cliwi\u0107 kobietom dokonywanie aborcji niezale\u017cnie od kraju [&hellip;]<\/p>\n","protected":false},"author":2,"featured_media":0,"comment_status":"closed","ping_status":"closed","sticky":false,"template":"","format":"standard","meta":{"footnotes":""},"categories":[1184],"tags":[],"class_list":{"0":"post-9603","1":"post","2":"type-post","3":"status-publish","4":"format-standard","6":"category-healthcare-pl"},"_links":{"self":[{"href":"https:\/\/eunewsroom.com\/pl\/wp-json\/wp\/v2\/posts\/9603","targetHints":{"allow":["GET"]}}],"collection":[{"href":"https:\/\/eunewsroom.com\/pl\/wp-json\/wp\/v2\/posts"}],"about":[{"href":"https:\/\/eunewsroom.com\/pl\/wp-json\/wp\/v2\/types\/post"}],"author":[{"embeddable":true,"href":"https:\/\/eunewsroom.com\/pl\/wp-json\/wp\/v2\/users\/2"}],"replies":[{"embeddable":true,"href":"https:\/\/eunewsroom.com\/pl\/wp-json\/wp\/v2\/comments?post=9603"}],"version-history":[{"count":0,"href":"https:\/\/eunewsroom.com\/pl\/wp-json\/wp\/v2\/posts\/9603\/revisions"}],"wp:attachment":[{"href":"https:\/\/eunewsroom.com\/pl\/wp-json\/wp\/v2\/media?parent=9603"}],"wp:term":[{"taxonomy":"category","embeddable":true,"href":"https:\/\/eunewsroom.com\/pl\/wp-json\/wp\/v2\/categories?post=9603"},{"taxonomy":"post_tag","embeddable":true,"href":"https:\/\/eunewsroom.com\/pl\/wp-json\/wp\/v2\/tags?post=9603"}],"curies":[{"name":"wp","href":"https:\/\/api.w.org\/{rel}","templated":true}]}}