{"id":9602,"date":"2024-07-14T14:29:07","date_gmt":"2024-07-14T14:29:07","guid":{"rendered":"https:\/\/eunewsroom.com\/europa-jest-skazana-na-upadek-przemyslu-to-czynnik-ryzyka-dla-polski\/"},"modified":"2024-07-14T14:29:07","modified_gmt":"2024-07-14T14:29:07","slug":"europa-jest-skazana-na-upadek-przemyslu-to-czynnik-ryzyka-dla-polski","status":"publish","type":"post","link":"https:\/\/eunewsroom.com\/pl\/europa-jest-skazana-na-upadek-przemyslu-to-czynnik-ryzyka-dla-polski\/","title":{"rendered":"Europa jest skazana na upadek przemys\u0142u? &#8222;To czynnik ryzyka dla Polski&#8221;"},"content":{"rendered":"<p> <br \/>\n<\/p>\n<div id=\"\">\n<div class=\"sc-1mskw74-0 sc-7eqdwf-0 sc-1fanasd-0 bbIjFG sc-1kwzqcy-0 ckLauT\">\n<p><strong>Grzegorz Siemionczyk, money.pl:<\/strong> <strong>Gospodarka Niemiec, uchodz\u0105ca niegdy\u015b za lokomotyw\u0119 Europy, od kilku lat jest w\u00a0stagnacji. Tamtejszy PKB jest dzi\u015b tylko minimalnie wi\u0119kszy ni\u017c na koniec 2019 r., przed wybuchem pandemii Covid-19, podczas gdy polski PKB w\u00a0tym czasie zwi\u0119kszy\u0142 si\u0119 o\u00a010 proc. W\u00a0pierwszych miesi\u0105cach 2024 r. nad Renem by\u0142o jednak wida\u0107 pewn\u0105 popraw\u0119. To pocz\u0105tek o\u017cywienia?<\/strong><\/p>\n<\/div>\n<div class=\"sc-1mskw74-0 sc-7eqdwf-0 sc-1fanasd-0 bbIjFG sc-1kwzqcy-0 ckLauT\">\n<p><strong>Ana Boata, g\u0142\u00f3wna ekonomistka Allianz Trade: <\/strong>Nie s\u0105dz\u0119. Naszym zdaniem <a href=\"https:\/\/www.money.pl\/gospodarka\/niemcy-u-progu-niecodziennej-decyzji-na-horyzoncie-potezne-ciecia-7042984170498880a.html\" rel=\"noopener noreferrer\">potencja\u0142 wzrostu niemieckiej gospodarki<\/a> wynosi oko\u0142o 0,5 proc. Jednym z\u00a0problem\u00f3w Niemiec s\u0105 s\u0142abe nastroje&#8230;<\/p>\n<\/div>\n<\/div>\n<p><br \/>\n<br \/><a href=\"https:\/\/www.money.pl\/gospodarka\/europa-jest-skazana-na-upadek-przemyslu-to-czynnik-ryzyka-dla-polski-7041977042934592a.html\">\u0179r\u00f3d\u0142o<\/a><\/p>\n","protected":false},"excerpt":{"rendered":"<p>Grzegorz Siemionczyk, money.pl: Gospodarka Niemiec, uchodz\u0105ca niegdy\u015b za lokomotyw\u0119 Europy, od kilku lat jest w\u00a0stagnacji. Tamtejszy PKB jest dzi\u015b tylko minimalnie wi\u0119kszy ni\u017c na koniec 2019 r., przed wybuchem pandemii Covid-19, podczas gdy polski PKB w\u00a0tym czasie zwi\u0119kszy\u0142 si\u0119 o\u00a010 proc. W\u00a0pierwszych miesi\u0105cach 2024 r. nad Renem by\u0142o jednak wida\u0107 pewn\u0105 popraw\u0119. To pocz\u0105tek o\u017cywienia? [&hellip;]<\/p>\n","protected":false},"author":2,"featured_media":0,"comment_status":"closed","ping_status":"closed","sticky":false,"template":"","format":"standard","meta":{"footnotes":""},"categories":[1192],"tags":[],"class_list":{"0":"post-9602","1":"post","2":"type-post","3":"status-publish","4":"format-standard","6":"category-energy-pl"},"_links":{"self":[{"href":"https:\/\/eunewsroom.com\/pl\/wp-json\/wp\/v2\/posts\/9602","targetHints":{"allow":["GET"]}}],"collection":[{"href":"https:\/\/eunewsroom.com\/pl\/wp-json\/wp\/v2\/posts"}],"about":[{"href":"https:\/\/eunewsroom.com\/pl\/wp-json\/wp\/v2\/types\/post"}],"author":[{"embeddable":true,"href":"https:\/\/eunewsroom.com\/pl\/wp-json\/wp\/v2\/users\/2"}],"replies":[{"embeddable":true,"href":"https:\/\/eunewsroom.com\/pl\/wp-json\/wp\/v2\/comments?post=9602"}],"version-history":[{"count":0,"href":"https:\/\/eunewsroom.com\/pl\/wp-json\/wp\/v2\/posts\/9602\/revisions"}],"wp:attachment":[{"href":"https:\/\/eunewsroom.com\/pl\/wp-json\/wp\/v2\/media?parent=9602"}],"wp:term":[{"taxonomy":"category","embeddable":true,"href":"https:\/\/eunewsroom.com\/pl\/wp-json\/wp\/v2\/categories?post=9602"},{"taxonomy":"post_tag","embeddable":true,"href":"https:\/\/eunewsroom.com\/pl\/wp-json\/wp\/v2\/tags?post=9602"}],"curies":[{"name":"wp","href":"https:\/\/api.w.org\/{rel}","templated":true}]}}