{"id":9600,"date":"2024-07-14T14:29:05","date_gmt":"2024-07-14T14:29:05","guid":{"rendered":"https:\/\/eunewsroom.com\/podsumowanie-kadencji-parlamentu-europejskiego-co-zmienilo-sie-w-zdrowiu\/"},"modified":"2024-07-14T14:29:05","modified_gmt":"2024-07-14T14:29:05","slug":"podsumowanie-kadencji-parlamentu-europejskiego-co-zmienilo-sie-w-zdrowiu","status":"publish","type":"post","link":"https:\/\/eunewsroom.com\/pl\/podsumowanie-kadencji-parlamentu-europejskiego-co-zmienilo-sie-w-zdrowiu\/","title":{"rendered":"Podsumowanie kadencji Parlamentu Europejskiego. Co zmieni\u0142o si\u0119 w zdrowiu?"},"content":{"rendered":"<p> <br \/>\n<\/p>\n<div>\n<p class=\"news__lead\">Przez ostatnie 5 lat podej\u015bcie do zdrowia w Unii Europejskiej bardzo si\u0119 zmieni\u0142o. Jednym z g\u0142\u00f3wnych powod\u00f3w tych zmian by\u0142a pandemia COVID-19, kt\u00f3ra wzmocni\u0142a europejskie mechanizmy solidarno\u015bci, a tak\u017ce pozwoli\u0142a na spory rozw\u00f3j technologiczny. Na koniec kadencji Parlamentu Europejskiego podsumowujemy najwa\u017cniejsze zmiany w zdrowiu w UE, kt\u00f3re uda\u0142o si\u0119 wprowadzi\u0107 od 2019 roku.<\/p>\n<p>\u00a0<\/p>\n<p> <a name=\"topic_0\"><\/p>\n<h2>Wsp\u00f3lne zam\u00f3wienia szczepionek przeciw COVID-19 i certyfikaty covidowe<\/h2>\n<p><\/a> <\/p>\n<p>Jednym z wa\u017cniejszych wyzwa\u0144 zdrowotnych, z jakimi mierzy\u0142a si\u0119 Unia Europejska przez ostatnie 5 lat jest&#8230;<\/p>\n<\/div>\n<p><br \/>\n<br \/><a href=\"https:\/\/politykazdrowotna.com\/artykul\/co-sie-zmienilo-w-zdrowiu-n1243720\">\u0179r\u00f3d\u0142o<\/a><\/p>\n","protected":false},"excerpt":{"rendered":"<p>Przez ostatnie 5 lat podej\u015bcie do zdrowia w Unii Europejskiej bardzo si\u0119 zmieni\u0142o. Jednym z g\u0142\u00f3wnych powod\u00f3w tych zmian by\u0142a pandemia COVID-19, kt\u00f3ra wzmocni\u0142a europejskie mechanizmy solidarno\u015bci, a tak\u017ce pozwoli\u0142a na spory rozw\u00f3j technologiczny. Na koniec kadencji Parlamentu Europejskiego podsumowujemy najwa\u017cniejsze zmiany w zdrowiu w UE, kt\u00f3re uda\u0142o si\u0119 wprowadzi\u0107 od 2019 roku. \u00a0 Wsp\u00f3lne [&hellip;]<\/p>\n","protected":false},"author":2,"featured_media":0,"comment_status":"closed","ping_status":"closed","sticky":false,"template":"","format":"standard","meta":{"footnotes":""},"categories":[1184],"tags":[],"class_list":{"0":"post-9600","1":"post","2":"type-post","3":"status-publish","4":"format-standard","6":"category-healthcare-pl"},"_links":{"self":[{"href":"https:\/\/eunewsroom.com\/pl\/wp-json\/wp\/v2\/posts\/9600","targetHints":{"allow":["GET"]}}],"collection":[{"href":"https:\/\/eunewsroom.com\/pl\/wp-json\/wp\/v2\/posts"}],"about":[{"href":"https:\/\/eunewsroom.com\/pl\/wp-json\/wp\/v2\/types\/post"}],"author":[{"embeddable":true,"href":"https:\/\/eunewsroom.com\/pl\/wp-json\/wp\/v2\/users\/2"}],"replies":[{"embeddable":true,"href":"https:\/\/eunewsroom.com\/pl\/wp-json\/wp\/v2\/comments?post=9600"}],"version-history":[{"count":0,"href":"https:\/\/eunewsroom.com\/pl\/wp-json\/wp\/v2\/posts\/9600\/revisions"}],"wp:attachment":[{"href":"https:\/\/eunewsroom.com\/pl\/wp-json\/wp\/v2\/media?parent=9600"}],"wp:term":[{"taxonomy":"category","embeddable":true,"href":"https:\/\/eunewsroom.com\/pl\/wp-json\/wp\/v2\/categories?post=9600"},{"taxonomy":"post_tag","embeddable":true,"href":"https:\/\/eunewsroom.com\/pl\/wp-json\/wp\/v2\/tags?post=9600"}],"curies":[{"name":"wp","href":"https:\/\/api.w.org\/{rel}","templated":true}]}}