{"id":9598,"date":"2024-07-14T14:29:03","date_gmt":"2024-07-14T14:29:03","guid":{"rendered":"https:\/\/eunewsroom.com\/cala-europa-ma-problem-z-ujemnymi-cenami-energii\/"},"modified":"2024-07-14T14:29:03","modified_gmt":"2024-07-14T14:29:03","slug":"cala-europa-ma-problem-z-ujemnymi-cenami-energii","status":"publish","type":"post","link":"https:\/\/eunewsroom.com\/pl\/cala-europa-ma-problem-z-ujemnymi-cenami-energii\/","title":{"rendered":"Ca\u0142a Europa ma problem z ujemnymi cenami energii\u00a0"},"content":{"rendered":"<p> <br \/>\n<\/p>\n<div>\n<h2 class=\"wp-block-heading\">Problem na ca\u0142\u0105 Europ\u0119<\/h2>\n<div class=\"ad\">\n                      <a class=\"ad-300x250\" href=\"https:\/\/bit.ly\/43sCQ9I\" title=\"\" target=\"_blank\" rel=\"nofollow noopener noreferrer sponsored\"><br \/>\n                            <img loading=\"lazy\" loading=\"lazy\" decoding=\"async\" width=\"300\" height=\"250\" src=\"https:\/\/globenergia.pl\/wp-content\/uploads\/2021\/11\/Panasonic-Globenergia-baner-300x250px-gen-K-L.png\" alt=\"\"\/><br \/>\n                        <\/a><\/p><\/div>\n<p>Wysoka produkcja energii z OZE, spowodowa\u0142a zdecydowanie wy\u017csz\u0105 poda\u017c energii, ni\u017c zapotrzebowanie na ni\u0105, szczeg\u00f3lnie w godzinach o wysokim nas\u0142onecznieniu. Aby nie przeci\u0105\u017cy\u0107 sieci, coraz cz\u0119\u015bciej wyst\u0119puj\u0105 wy\u0142\u0105czenia instalacji, pocz\u0105wszy od tych o najwi\u0119kszych mocach, co skutkuje obni\u017ceniem cen energii, czasami nawet do poziom\u00f3w ujemnych. Okazuje si\u0119, \u017ce z problemem mierzy si\u0119 nie tylko Polska, ale ca\u0142a Europa. Takie&#8230;<\/p>\n<\/div>\n<p><br \/>\n<br \/><a href=\"https:\/\/globenergia.pl\/cala-europa-ma-problem-z-ujemnymi-cenami-energii\/\">\u0179r\u00f3d\u0142o<\/a><\/p>\n","protected":false},"excerpt":{"rendered":"<p>Problem na ca\u0142\u0105 Europ\u0119 Wysoka produkcja energii z OZE, spowodowa\u0142a zdecydowanie wy\u017csz\u0105 poda\u017c energii, ni\u017c zapotrzebowanie na ni\u0105, szczeg\u00f3lnie w godzinach o wysokim nas\u0142onecznieniu. Aby nie przeci\u0105\u017cy\u0107 sieci, coraz cz\u0119\u015bciej wyst\u0119puj\u0105 wy\u0142\u0105czenia instalacji, pocz\u0105wszy od tych o najwi\u0119kszych mocach, co skutkuje obni\u017ceniem cen energii, czasami nawet do poziom\u00f3w ujemnych. Okazuje si\u0119, \u017ce z problemem mierzy [&hellip;]<\/p>\n","protected":false},"author":2,"featured_media":0,"comment_status":"closed","ping_status":"closed","sticky":false,"template":"","format":"standard","meta":{"footnotes":""},"categories":[1192],"tags":[],"class_list":{"0":"post-9598","1":"post","2":"type-post","3":"status-publish","4":"format-standard","6":"category-energy-pl"},"_links":{"self":[{"href":"https:\/\/eunewsroom.com\/pl\/wp-json\/wp\/v2\/posts\/9598","targetHints":{"allow":["GET"]}}],"collection":[{"href":"https:\/\/eunewsroom.com\/pl\/wp-json\/wp\/v2\/posts"}],"about":[{"href":"https:\/\/eunewsroom.com\/pl\/wp-json\/wp\/v2\/types\/post"}],"author":[{"embeddable":true,"href":"https:\/\/eunewsroom.com\/pl\/wp-json\/wp\/v2\/users\/2"}],"replies":[{"embeddable":true,"href":"https:\/\/eunewsroom.com\/pl\/wp-json\/wp\/v2\/comments?post=9598"}],"version-history":[{"count":0,"href":"https:\/\/eunewsroom.com\/pl\/wp-json\/wp\/v2\/posts\/9598\/revisions"}],"wp:attachment":[{"href":"https:\/\/eunewsroom.com\/pl\/wp-json\/wp\/v2\/media?parent=9598"}],"wp:term":[{"taxonomy":"category","embeddable":true,"href":"https:\/\/eunewsroom.com\/pl\/wp-json\/wp\/v2\/categories?post=9598"},{"taxonomy":"post_tag","embeddable":true,"href":"https:\/\/eunewsroom.com\/pl\/wp-json\/wp\/v2\/tags?post=9598"}],"curies":[{"name":"wp","href":"https:\/\/api.w.org\/{rel}","templated":true}]}}