{"id":9596,"date":"2024-07-14T14:29:02","date_gmt":"2024-07-14T14:29:02","guid":{"rendered":"https:\/\/eunewsroom.com\/komisja-europejska-zdecydowala-polska-bedzie-w-centrum-uwagi-wnp-pl\/"},"modified":"2024-07-14T14:29:02","modified_gmt":"2024-07-14T14:29:02","slug":"komisja-europejska-zdecydowala-polska-bedzie-w-centrum-uwagi-wnp-pl","status":"publish","type":"post","link":"https:\/\/eunewsroom.com\/pl\/komisja-europejska-zdecydowala-polska-bedzie-w-centrum-uwagi-wnp-pl\/","title":{"rendered":"Komisja Europejska zdecydowa\u0142a. Polska b\u0119dzie &quot;w centrum uwagi&quot; &#8211; Wnp.pl"},"content":{"rendered":"<p> <br \/>\n<br \/><a href=\"https:\/\/news.google.com\/rss\/articles\/CBMiY2h0dHBzOi8vd3d3LnducC5wbC9maW5hbnNlL2tvbWlzamEtZXVyb3BlanNrYS16ZGVjeWRvd2FsYS1wb2xza2EtYmVkemllLXctY2VudHJ1bS11d2FnaSw4NDc2NTUuaHRtbNIBAA?oc=5\" target=\"_blank\" rel=\"noopener\">Komisja Europejska zdecydowa\u0142a. Polska b\u0119dzie &#8222;w centrum uwagi&#8221;<\/a>&nbsp;&nbsp;<font color=\"#6f6f6f\">Wnp.pl<\/font><br \/>\n<br \/><br \/>\n<br \/><a href=\"https:\/\/www.wnp.pl\/finanse\/komisja-europejska-zdecydowala-polska-bedzie-w-centrum-uwagi,847655.html\">\u0179r\u00f3d\u0142o<\/a><\/p>\n","protected":false},"excerpt":{"rendered":"<p>Komisja Europejska zdecydowa\u0142a. Polska b\u0119dzie &#8222;w centrum uwagi&#8221;&nbsp;&nbsp;Wnp.pl \u0179r\u00f3d\u0142o<\/p>\n","protected":false},"author":2,"featured_media":0,"comment_status":"closed","ping_status":"closed","sticky":false,"template":"","format":"standard","meta":{"footnotes":""},"categories":[1188],"tags":[],"class_list":{"0":"post-9596","1":"post","2":"type-post","3":"status-publish","4":"format-standard","6":"category-finance-pl"},"_links":{"self":[{"href":"https:\/\/eunewsroom.com\/pl\/wp-json\/wp\/v2\/posts\/9596","targetHints":{"allow":["GET"]}}],"collection":[{"href":"https:\/\/eunewsroom.com\/pl\/wp-json\/wp\/v2\/posts"}],"about":[{"href":"https:\/\/eunewsroom.com\/pl\/wp-json\/wp\/v2\/types\/post"}],"author":[{"embeddable":true,"href":"https:\/\/eunewsroom.com\/pl\/wp-json\/wp\/v2\/users\/2"}],"replies":[{"embeddable":true,"href":"https:\/\/eunewsroom.com\/pl\/wp-json\/wp\/v2\/comments?post=9596"}],"version-history":[{"count":0,"href":"https:\/\/eunewsroom.com\/pl\/wp-json\/wp\/v2\/posts\/9596\/revisions"}],"wp:attachment":[{"href":"https:\/\/eunewsroom.com\/pl\/wp-json\/wp\/v2\/media?parent=9596"}],"wp:term":[{"taxonomy":"category","embeddable":true,"href":"https:\/\/eunewsroom.com\/pl\/wp-json\/wp\/v2\/categories?post=9596"},{"taxonomy":"post_tag","embeddable":true,"href":"https:\/\/eunewsroom.com\/pl\/wp-json\/wp\/v2\/tags?post=9596"}],"curies":[{"name":"wp","href":"https:\/\/api.w.org\/{rel}","templated":true}]}}