{"id":9595,"date":"2024-07-14T14:29:01","date_gmt":"2024-07-14T14:29:01","guid":{"rendered":"https:\/\/eunewsroom.com\/ehds-w-opiece-zdrowotnej-potencjal-i-wyzwania-w-europie\/"},"modified":"2024-07-14T14:29:01","modified_gmt":"2024-07-14T14:29:01","slug":"ehds-w-opiece-zdrowotnej-potencjal-i-wyzwania-w-europie","status":"publish","type":"post","link":"https:\/\/eunewsroom.com\/pl\/ehds-w-opiece-zdrowotnej-potencjal-i-wyzwania-w-europie\/","title":{"rendered":"EHDS w opiece zdrowotnej: potencja\u0142 i wyzwania w Europie"},"content":{"rendered":"<p> <br \/>\n<\/p>\n<div>\n<p class=\"news__lead\">Polska odnosi pierwsze sukcesy w wykorzystaniu danych dotycz\u0105cych zdrowia, ale konieczne s\u0105 dalsze wysi\u0142ki \u2013 eksperci z kraj\u00f3w unijnych przedstawiaj\u0105 rekomendacje dotycz\u0105ce wdro\u017cenia Europejskiej Przestrzeni Danych Medycznych (EHDS)<\/p>\n<p>\u00a0<\/p>\n<ul>\n<li>Eksperci wskazuj\u0105 na konieczno\u015b\u0107 wi\u0119kszego zaanga\u017cowania i wsp\u00f3\u0142pracy na rzecz podnoszenia \u015bwiadomo\u015bci spo\u0142ecznej na temat zapis\u00f3w oraz racji stoj\u0105cych za regulacj\u0105 dotycz\u0105c\u0105 Europejskiej Przestrzeni Danych Medycznych (EHDS).<\/li>\n<li>Ramy udost\u0119pniania danych mog\u0105 zrewolucjonizowa\u0107 europejsk\u0105 opiek\u0119 zdrowotn\u0105, ale bez odpowiedniego&#8230;<\/li>\n<\/ul>\n<\/div>\n<p><br \/>\n<br \/><a href=\"https:\/\/politykazdrowotna.com\/artykul\/rekomendacje-z-wdrozenia\/1245951\">\u0179r\u00f3d\u0142o<\/a><\/p>\n","protected":false},"excerpt":{"rendered":"<p>Polska odnosi pierwsze sukcesy w wykorzystaniu danych dotycz\u0105cych zdrowia, ale konieczne s\u0105 dalsze wysi\u0142ki \u2013 eksperci z kraj\u00f3w unijnych przedstawiaj\u0105 rekomendacje dotycz\u0105ce wdro\u017cenia Europejskiej Przestrzeni Danych Medycznych (EHDS) \u00a0 Eksperci wskazuj\u0105 na konieczno\u015b\u0107 wi\u0119kszego zaanga\u017cowania i wsp\u00f3\u0142pracy na rzecz podnoszenia \u015bwiadomo\u015bci spo\u0142ecznej na temat zapis\u00f3w oraz racji stoj\u0105cych za regulacj\u0105 dotycz\u0105c\u0105 Europejskiej Przestrzeni Danych Medycznych [&hellip;]<\/p>\n","protected":false},"author":2,"featured_media":0,"comment_status":"closed","ping_status":"closed","sticky":false,"template":"","format":"standard","meta":{"footnotes":""},"categories":[1184],"tags":[],"class_list":{"0":"post-9595","1":"post","2":"type-post","3":"status-publish","4":"format-standard","6":"category-healthcare-pl"},"_links":{"self":[{"href":"https:\/\/eunewsroom.com\/pl\/wp-json\/wp\/v2\/posts\/9595","targetHints":{"allow":["GET"]}}],"collection":[{"href":"https:\/\/eunewsroom.com\/pl\/wp-json\/wp\/v2\/posts"}],"about":[{"href":"https:\/\/eunewsroom.com\/pl\/wp-json\/wp\/v2\/types\/post"}],"author":[{"embeddable":true,"href":"https:\/\/eunewsroom.com\/pl\/wp-json\/wp\/v2\/users\/2"}],"replies":[{"embeddable":true,"href":"https:\/\/eunewsroom.com\/pl\/wp-json\/wp\/v2\/comments?post=9595"}],"version-history":[{"count":0,"href":"https:\/\/eunewsroom.com\/pl\/wp-json\/wp\/v2\/posts\/9595\/revisions"}],"wp:attachment":[{"href":"https:\/\/eunewsroom.com\/pl\/wp-json\/wp\/v2\/media?parent=9595"}],"wp:term":[{"taxonomy":"category","embeddable":true,"href":"https:\/\/eunewsroom.com\/pl\/wp-json\/wp\/v2\/categories?post=9595"},{"taxonomy":"post_tag","embeddable":true,"href":"https:\/\/eunewsroom.com\/pl\/wp-json\/wp\/v2\/tags?post=9595"}],"curies":[{"name":"wp","href":"https:\/\/api.w.org\/{rel}","templated":true}]}}