{"id":9594,"date":"2024-07-14T14:28:58","date_gmt":"2024-07-14T14:28:58","guid":{"rendered":"https:\/\/eunewsroom.com\/ceny-pradu-politycy-pis-od-lipca-w-polsce-najdrozszy-prad-w-europie-to-nieprawda\/"},"modified":"2024-07-14T14:28:58","modified_gmt":"2024-07-14T14:28:58","slug":"ceny-pradu-politycy-pis-od-lipca-w-polsce-najdrozszy-prad-w-europie-to-nieprawda","status":"publish","type":"post","link":"https:\/\/eunewsroom.com\/pl\/ceny-pradu-politycy-pis-od-lipca-w-polsce-najdrozszy-prad-w-europie-to-nieprawda\/","title":{"rendered":"Ceny pr\u0105du. Politycy PiS: od lipca w Polsce najdro\u017cszy pr\u0105d w Europie. To nieprawda"},"content":{"rendered":"<p> <br \/>\n<\/p>\n<div>\n<div class=\"article-element article-element--lead_text\">\n<p class=\"lead-text\">Politycy PiS nag\u0142a\u015bniaj\u0105 w ostatnich dniach tez\u0119, \u017ce od pocz\u0105tku lipca w Polsce s\u0105 najwy\u017csze ceny pr\u0105du w Europie. Zdaniem Paw\u0142a Kukiza &#8222;nawet Niemc\u00f3w przegonili\u015bmy&#8221;. Na dow\u00f3d politycy zamieszczaj\u0105 w mediach spo\u0142eczno\u015bciowych r\u00f3\u017cne zestawienia i mapy z cenami energii. Tylko \u017ce to por\u00f3wnania cen niepor\u00f3wnywalnych. Wyja\u015bniamy t\u0119 manipulacj\u0119.<\/p>\n<\/div>\n<p><span class=\"placeholder-wrapper\"\/><\/p>\n<div class=\"article-element article-element--paragraph\">\n<p class=\"paragraph\"><span>Od 1 lipca 2024 roku <a href=\"https:\/\/tvn24.pl\/biznes\/pieniadze\/ceny-pradu-i-gazu-od-1-lipca-2024-roku-wyliczenia-st7978603\">zmieni\u0142y si\u0119 zasady<\/a> ustalania cen za energi\u0119 elektryczn\u0105. Stawka za energi\u0119 elektryczn\u0105 (czynn\u0105) zosta\u0142a zamro\u017cona na poziomie 500 z\u0142\/MWh. Wcze\u015bniej by\u0142o to 412 z\u0142\/MWh. Przesta\u0142y obowi\u0105zywa\u0107&#8230;<\/span><\/p>\n<\/div>\n<\/div>\n<p><br \/>\n<br \/><a href=\"https:\/\/konkret24.tvn24.pl\/polska\/ceny-pradu-politycy-pis-od-lipca-w-polsce-najdrozszy-prad-w-europie-to-nieprawda-st7990561\">\u0179r\u00f3d\u0142o<\/a><\/p>\n","protected":false},"excerpt":{"rendered":"<p>Politycy PiS nag\u0142a\u015bniaj\u0105 w ostatnich dniach tez\u0119, \u017ce od pocz\u0105tku lipca w Polsce s\u0105 najwy\u017csze ceny pr\u0105du w Europie. Zdaniem Paw\u0142a Kukiza &#8222;nawet Niemc\u00f3w przegonili\u015bmy&#8221;. Na dow\u00f3d politycy zamieszczaj\u0105 w mediach spo\u0142eczno\u015bciowych r\u00f3\u017cne zestawienia i mapy z cenami energii. Tylko \u017ce to por\u00f3wnania cen niepor\u00f3wnywalnych. Wyja\u015bniamy t\u0119 manipulacj\u0119. Od 1 lipca 2024 roku zmieni\u0142y si\u0119 [&hellip;]<\/p>\n","protected":false},"author":2,"featured_media":0,"comment_status":"closed","ping_status":"closed","sticky":false,"template":"","format":"standard","meta":{"footnotes":""},"categories":[1192],"tags":[],"class_list":{"0":"post-9594","1":"post","2":"type-post","3":"status-publish","4":"format-standard","6":"category-energy-pl"},"_links":{"self":[{"href":"https:\/\/eunewsroom.com\/pl\/wp-json\/wp\/v2\/posts\/9594","targetHints":{"allow":["GET"]}}],"collection":[{"href":"https:\/\/eunewsroom.com\/pl\/wp-json\/wp\/v2\/posts"}],"about":[{"href":"https:\/\/eunewsroom.com\/pl\/wp-json\/wp\/v2\/types\/post"}],"author":[{"embeddable":true,"href":"https:\/\/eunewsroom.com\/pl\/wp-json\/wp\/v2\/users\/2"}],"replies":[{"embeddable":true,"href":"https:\/\/eunewsroom.com\/pl\/wp-json\/wp\/v2\/comments?post=9594"}],"version-history":[{"count":0,"href":"https:\/\/eunewsroom.com\/pl\/wp-json\/wp\/v2\/posts\/9594\/revisions"}],"wp:attachment":[{"href":"https:\/\/eunewsroom.com\/pl\/wp-json\/wp\/v2\/media?parent=9594"}],"wp:term":[{"taxonomy":"category","embeddable":true,"href":"https:\/\/eunewsroom.com\/pl\/wp-json\/wp\/v2\/categories?post=9594"},{"taxonomy":"post_tag","embeddable":true,"href":"https:\/\/eunewsroom.com\/pl\/wp-json\/wp\/v2\/tags?post=9594"}],"curies":[{"name":"wp","href":"https:\/\/api.w.org\/{rel}","templated":true}]}}