{"id":9593,"date":"2024-07-14T14:28:58","date_gmt":"2024-07-14T14:28:58","guid":{"rendered":"https:\/\/eunewsroom.com\/z-loreal-do-herbacianego-biznesu-jest-nowy-prezes-lipton-europa\/"},"modified":"2024-07-14T14:28:58","modified_gmt":"2024-07-14T14:28:58","slug":"z-loreal-do-herbacianego-biznesu-jest-nowy-prezes-lipton-europa","status":"publish","type":"post","link":"https:\/\/eunewsroom.com\/pl\/z-loreal-do-herbacianego-biznesu-jest-nowy-prezes-lipton-europa\/","title":{"rendered":"Z L&#8217;Or\u00e9al do herbacianego biznesu. Jest nowy prezes Lipton Europa"},"content":{"rendered":"<p> <br \/>\n<\/p>\n<p>\n\t\t<span><br \/>\n\t\t\t\t\tKenneth Campbell, kt\u00f3ry sp\u0119dzi\u0142 ostatnie 27 lat w L&#8217;Or\u00e9al, do\u0142\u0105czy\u0142 do Lipton Teas and Infusions, jako prezes na Europ\u0119 . Funkcj\u0119 obj\u0105\u0142 1 lipca 2024 roku.<br \/>\n\t\t\t\t<\/span>\n\t<\/p>\n<p>\n\t\t\t\t<span>W ostatnich latach marka Lipton przechodzi\u0142a z r\u0105k do r\u0105k. Foto: Lipton<\/span>\n\t\t\t<\/p>\n<div>\n<ul>&#13;<\/p>\n<li>Herbata Lipton w Polce dystrybuowana jest przez sp\u00f3\u0142k\u0119 Orbico, a nale\u017cy do sp\u00f3\u0142ki Lipton Teas.<\/li>\n<p>&#13;<\/p>\n<li>W ostatnich latach marka zmieni\u0142a w\u0142a\u015bciciela. Zacz\u0119\u0142o si\u0119 od sprzeda\u017cy herbacianego biznesu przez Unilever.<\/li>\n<p>&#13;<\/p>\n<li>Jak informuje Litpton Teas, na wszystkich swoich stanowiskach Kenneth Campbell odnosi\u0142 sukcesy w&#8230;<\/li>\n<\/ul>\n<\/div>\n<p><br \/>\n<br \/><a href=\"https:\/\/www.portalspozywczy.pl\/napoje\/wiadomosci\/z-l-or-al-do-herbacianego-biznesu-jest-nowy-prezes-lipton-europa,259742.html\">\u0179r\u00f3d\u0142o<\/a><\/p>\n","protected":false},"excerpt":{"rendered":"<p>Kenneth Campbell, kt\u00f3ry sp\u0119dzi\u0142 ostatnie 27 lat w L&#8217;Or\u00e9al, do\u0142\u0105czy\u0142 do Lipton Teas and Infusions, jako prezes na Europ\u0119 . Funkcj\u0119 obj\u0105\u0142 1 lipca 2024 roku. W ostatnich latach marka Lipton przechodzi\u0142a z r\u0105k do r\u0105k. Foto: Lipton &#13; Herbata Lipton w Polce dystrybuowana jest przez sp\u00f3\u0142k\u0119 Orbico, a nale\u017cy do sp\u00f3\u0142ki Lipton Teas. &#13; [&hellip;]<\/p>\n","protected":false},"author":2,"featured_media":0,"comment_status":"closed","ping_status":"closed","sticky":false,"template":"","format":"standard","meta":{"footnotes":""},"categories":[1193],"tags":[],"class_list":{"0":"post-9593","1":"post","2":"type-post","3":"status-publish","4":"format-standard","6":"category-business-pl"},"_links":{"self":[{"href":"https:\/\/eunewsroom.com\/pl\/wp-json\/wp\/v2\/posts\/9593","targetHints":{"allow":["GET"]}}],"collection":[{"href":"https:\/\/eunewsroom.com\/pl\/wp-json\/wp\/v2\/posts"}],"about":[{"href":"https:\/\/eunewsroom.com\/pl\/wp-json\/wp\/v2\/types\/post"}],"author":[{"embeddable":true,"href":"https:\/\/eunewsroom.com\/pl\/wp-json\/wp\/v2\/users\/2"}],"replies":[{"embeddable":true,"href":"https:\/\/eunewsroom.com\/pl\/wp-json\/wp\/v2\/comments?post=9593"}],"version-history":[{"count":0,"href":"https:\/\/eunewsroom.com\/pl\/wp-json\/wp\/v2\/posts\/9593\/revisions"}],"wp:attachment":[{"href":"https:\/\/eunewsroom.com\/pl\/wp-json\/wp\/v2\/media?parent=9593"}],"wp:term":[{"taxonomy":"category","embeddable":true,"href":"https:\/\/eunewsroom.com\/pl\/wp-json\/wp\/v2\/categories?post=9593"},{"taxonomy":"post_tag","embeddable":true,"href":"https:\/\/eunewsroom.com\/pl\/wp-json\/wp\/v2\/tags?post=9593"}],"curies":[{"name":"wp","href":"https:\/\/api.w.org\/{rel}","templated":true}]}}