{"id":9586,"date":"2024-07-14T14:28:48","date_gmt":"2024-07-14T14:28:48","guid":{"rendered":"https:\/\/eunewsroom.com\/europejska-unia-zdrowotna-rada-wzywa-komisje-do-dalszego-traktowania-kwestii-zdrowia-jako-priorytetu-consilium-europa-eu\/"},"modified":"2024-07-14T14:28:48","modified_gmt":"2024-07-14T14:28:48","slug":"europejska-unia-zdrowotna-rada-wzywa-komisje-do-dalszego-traktowania-kwestii-zdrowia-jako-priorytetu-consilium-europa-eu","status":"publish","type":"post","link":"https:\/\/eunewsroom.com\/pl\/europejska-unia-zdrowotna-rada-wzywa-komisje-do-dalszego-traktowania-kwestii-zdrowia-jako-priorytetu-consilium-europa-eu\/","title":{"rendered":"Europejska unia zdrowotna: Rada wzywa Komisj\u0119 do dalszego traktowania kwestii zdrowia jako priorytetu &#8211; Consilium.europa.eu"},"content":{"rendered":"<p> <br \/>\n<br \/><a href=\"https:\/\/news.google.com\/rss\/articles\/CBMikgFodHRwczovL3d3dy5jb25zaWxpdW0uZXVyb3BhLmV1L3BsL3ByZXNzL3ByZXNzLXJlbGVhc2VzLzIwMjQvMDYvMjEvZXVyb3BlYW4taGVhbHRoLXVuaW9uLWNvdW5jaWwtY2FsbHMtb24tY29tbWlzc2lvbi10by1rZWVwLWhlYWx0aC1hcy1hLXByaW9yaXR5L9IBAA?oc=5\" target=\"_blank\" rel=\"noopener\">Europejska unia zdrowotna: Rada wzywa Komisj\u0119 do dalszego traktowania kwestii zdrowia jako priorytetu<\/a>&nbsp;&nbsp;<font color=\"#6f6f6f\">Consilium.europa.eu<\/font><br \/>\n<br \/><br \/>\n<br \/><a href=\"https:\/\/www.consilium.europa.eu\/pl\/press\/press-releases\/2024\/06\/21\/european-health-union-council-calls-on-commission-to-keep-health-as-a-priority\/\">\u0179r\u00f3d\u0142o<\/a><\/p>\n","protected":false},"excerpt":{"rendered":"<p>Europejska unia zdrowotna: Rada wzywa Komisj\u0119 do dalszego traktowania kwestii zdrowia jako priorytetu&nbsp;&nbsp;Consilium.europa.eu \u0179r\u00f3d\u0142o<\/p>\n","protected":false},"author":2,"featured_media":0,"comment_status":"closed","ping_status":"closed","sticky":false,"template":"","format":"standard","meta":{"footnotes":""},"categories":[1184],"tags":[],"class_list":{"0":"post-9586","1":"post","2":"type-post","3":"status-publish","4":"format-standard","6":"category-healthcare-pl"},"_links":{"self":[{"href":"https:\/\/eunewsroom.com\/pl\/wp-json\/wp\/v2\/posts\/9586","targetHints":{"allow":["GET"]}}],"collection":[{"href":"https:\/\/eunewsroom.com\/pl\/wp-json\/wp\/v2\/posts"}],"about":[{"href":"https:\/\/eunewsroom.com\/pl\/wp-json\/wp\/v2\/types\/post"}],"author":[{"embeddable":true,"href":"https:\/\/eunewsroom.com\/pl\/wp-json\/wp\/v2\/users\/2"}],"replies":[{"embeddable":true,"href":"https:\/\/eunewsroom.com\/pl\/wp-json\/wp\/v2\/comments?post=9586"}],"version-history":[{"count":0,"href":"https:\/\/eunewsroom.com\/pl\/wp-json\/wp\/v2\/posts\/9586\/revisions"}],"wp:attachment":[{"href":"https:\/\/eunewsroom.com\/pl\/wp-json\/wp\/v2\/media?parent=9586"}],"wp:term":[{"taxonomy":"category","embeddable":true,"href":"https:\/\/eunewsroom.com\/pl\/wp-json\/wp\/v2\/categories?post=9586"},{"taxonomy":"post_tag","embeddable":true,"href":"https:\/\/eunewsroom.com\/pl\/wp-json\/wp\/v2\/tags?post=9586"}],"curies":[{"name":"wp","href":"https:\/\/api.w.org\/{rel}","templated":true}]}}