{"id":9580,"date":"2024-07-14T14:28:43","date_gmt":"2024-07-14T14:28:43","guid":{"rendered":"https:\/\/eunewsroom.com\/unia-europejska-walczy-z-komarami-zatwierdzila-szczepionke\/"},"modified":"2024-07-14T14:28:43","modified_gmt":"2024-07-14T14:28:43","slug":"unia-europejska-walczy-z-komarami-zatwierdzila-szczepionke","status":"publish","type":"post","link":"https:\/\/eunewsroom.com\/pl\/unia-europejska-walczy-z-komarami-zatwierdzila-szczepionke\/","title":{"rendered":"Unia Europejska walczy z komarami. Zatwierdzi\u0142a szczepionk\u0119"},"content":{"rendered":"<p> <br \/>\n<\/p>\n<div>\n<p class=\"news__lead\">Komisja Europejska zatwierdzi\u0142a pierwsz\u0105 w historii szczepionk\u0119 przeciwko wirusowi Chikungunya\u00a0\u2013 choroby przenoszonej przez zaka\u017cone komary. B\u0119dzie te\u017c sterylizacja komar\u00f3w.<\/p>\n<h2>Szczepionka przeciw chorobie\u00a0Chikungunya<\/h2>\n<p>Chocia\u017c Chikungunya nie jest endemiczna w UE, skutki zmiany klimatu doprowadzi\u0142y do zwi\u0119kszenia obecno\u015bci <strong>komar\u00f3w<\/strong>, kt\u00f3re przenosz\u0105 powa\u017cne choroby w Europie.<\/p>\n<p>W\u00a0niedawnym\u00a0<a href=\"https:\/\/www.ecdc.europa.eu\/en\/news-events\/worsening-spread-mosquito-borne-disease-outbreaks-eueea-according-latest-ecdc-figures\" rel=\"noopener\" target=\"_blank\">sprawozdaniu<\/a>\u00a0Europejskiego Centrum ds. Zapobiegania i Kontroli Chor\u00f3b (ECDC) potwierdzono obecno\u015b\u0107 komar\u00f3w\u00a0<em>Aedes albopictus<\/em>\u00a0w 13 pa\u0144stwach UE\/EOG oraz komara\u00a0<em>Aedes aegypti<\/em>\u00a0na&#8230;<\/p>\n<\/div>\n<p><br \/>\n<br \/><a href=\"https:\/\/politykazdrowotna.com\/artykul\/unia-europejska-walczy-n1255538\">\u0179r\u00f3d\u0142o<\/a><\/p>\n","protected":false},"excerpt":{"rendered":"<p>Komisja Europejska zatwierdzi\u0142a pierwsz\u0105 w historii szczepionk\u0119 przeciwko wirusowi Chikungunya\u00a0\u2013 choroby przenoszonej przez zaka\u017cone komary. B\u0119dzie te\u017c sterylizacja komar\u00f3w. Szczepionka przeciw chorobie\u00a0Chikungunya Chocia\u017c Chikungunya nie jest endemiczna w UE, skutki zmiany klimatu doprowadzi\u0142y do zwi\u0119kszenia obecno\u015bci komar\u00f3w, kt\u00f3re przenosz\u0105 powa\u017cne choroby w Europie. W\u00a0niedawnym\u00a0sprawozdaniu\u00a0Europejskiego Centrum ds. Zapobiegania i Kontroli Chor\u00f3b (ECDC) potwierdzono obecno\u015b\u0107 komar\u00f3w\u00a0Aedes albopictus\u00a0w [&hellip;]<\/p>\n","protected":false},"author":2,"featured_media":0,"comment_status":"closed","ping_status":"closed","sticky":false,"template":"","format":"standard","meta":{"footnotes":""},"categories":[1184],"tags":[],"class_list":{"0":"post-9580","1":"post","2":"type-post","3":"status-publish","4":"format-standard","6":"category-healthcare-pl"},"_links":{"self":[{"href":"https:\/\/eunewsroom.com\/pl\/wp-json\/wp\/v2\/posts\/9580","targetHints":{"allow":["GET"]}}],"collection":[{"href":"https:\/\/eunewsroom.com\/pl\/wp-json\/wp\/v2\/posts"}],"about":[{"href":"https:\/\/eunewsroom.com\/pl\/wp-json\/wp\/v2\/types\/post"}],"author":[{"embeddable":true,"href":"https:\/\/eunewsroom.com\/pl\/wp-json\/wp\/v2\/users\/2"}],"replies":[{"embeddable":true,"href":"https:\/\/eunewsroom.com\/pl\/wp-json\/wp\/v2\/comments?post=9580"}],"version-history":[{"count":0,"href":"https:\/\/eunewsroom.com\/pl\/wp-json\/wp\/v2\/posts\/9580\/revisions"}],"wp:attachment":[{"href":"https:\/\/eunewsroom.com\/pl\/wp-json\/wp\/v2\/media?parent=9580"}],"wp:term":[{"taxonomy":"category","embeddable":true,"href":"https:\/\/eunewsroom.com\/pl\/wp-json\/wp\/v2\/categories?post=9580"},{"taxonomy":"post_tag","embeddable":true,"href":"https:\/\/eunewsroom.com\/pl\/wp-json\/wp\/v2\/tags?post=9580"}],"curies":[{"name":"wp","href":"https:\/\/api.w.org\/{rel}","templated":true}]}}