{"id":9577,"date":"2024-07-14T14:28:41","date_gmt":"2024-07-14T14:28:41","guid":{"rendered":"https:\/\/eunewsroom.com\/co-z-pomyslem-tuska-na-eksport-energii-elektrycznej-do-ukrainy-mamy-odpowiedz-komisji-europejskiej\/"},"modified":"2024-07-14T14:28:41","modified_gmt":"2024-07-14T14:28:41","slug":"co-z-pomyslem-tuska-na-eksport-energii-elektrycznej-do-ukrainy-mamy-odpowiedz-komisji-europejskiej","status":"publish","type":"post","link":"https:\/\/eunewsroom.com\/pl\/co-z-pomyslem-tuska-na-eksport-energii-elektrycznej-do-ukrainy-mamy-odpowiedz-komisji-europejskiej\/","title":{"rendered":"Co z pomys\u0142em Tuska na eksport energii elektrycznej do Ukrainy? Mamy odpowied\u017a Komisji Europejskiej"},"content":{"rendered":"<p> <br \/>\n<\/p>\n<div id=\"\">\n<section class=\"block\" style=\"grid-column:span 6;grid-row:span 3;\">\n<header siteservice=\"[object Object]\" data-ssr-key=\"0\" class=\"article-header --theme-energetyka24\"> <a href=\"https:\/\/energetyka24.com\/elektroenergetyka\/wiadomosci\" target=\"_self\" class=\"text-decoration-none router-link-active\" rel=\"noopener\"><span\/><\/a>   <\/p>\n<div class=\"article-header__wrap\">\n<div class=\"article-header__image\">\n<figure class=\"image-with-caption\">\n<div>\n<div class=\"image-with-caption__image-wrapper\"><img fetchpriority=\"high\" decoding=\"async\" src=\"https:\/\/cdn.defence24.pl\/2024\/07\/10\/800x450px\/zZR6DQgZD3gpq1NawXIfnpHp6GcJUCc2v9F83Ai1.umwt.jpg\" alt=\"Donald Tusk i Ursula von der Leyen\" srcset=\"https:\/\/cdn.defence24.pl\/2024\/07\/10\/800x450px\/zZR6DQgZD3gpq1NawXIfnpHp6GcJUCc2v9F83Ai1.umwt.jpg, https:\/\/cdn.defence24.pl\/2024\/07\/10\/1024x576px\/zZR6DQgZD3gpq1NawXIfnpHp6GcJUCc2v9F83Ai1.mxe7.jpg 2x\" width=\"800\" height=\"450\" author=\"European Union, 2024 \/ EC - Audiovisual Service\" fetchpriority=\"high\" class=\"img image-with-caption__image\"\/> <!----> <!----><\/div>\n<p> <!----><\/div><figcaption class=\"image-with-caption__caption\"><!----> <cite><!----><br \/>\n        Autor. European Union, 2024 \/ EC &#8211; Audiovisual Service<br \/>\n      <\/cite><\/figcaption><\/figure>\n<p> <!----><\/div>\n<\/div>\n<ul class=\"article-share list-inline d-lg-none bg-black mb-0\">\n<li class=\"article-share-item list-inline-item m-0\"><button class=\"share-button btn-link-dark px-0 btn\"><i class=\"share-button__icon icon-facebook --small\"\/> <span class=\"text-ui-x-small text-uppercase mb-0\"><br \/>\n        Facebook<br \/>\n      <\/span><\/button><\/li>\n<li class=\"article-share-item list-inline-item m-0\"><button class=\"share-button btn-link-dark px-0 btn\"><i class=\"share-button__icon icon-twitter --small\"\/> <span class=\"text-ui-x-small text-uppercase mb-0\"><br \/>\n        Twitter<br \/>\n      <\/span><\/button><\/li>\n<li class=\"article-share-item list-inline-item m-0\"><button class=\"share-button btn-link-dark px-0 btn\"><i class=\"share-button__icon icon-linkedin --small\"\/> <span class=\"text-ui-x-small text-uppercase mb-0\"><br \/>\n        LinkedIn<br \/>\n      <\/span><\/button><\/li>\n<li class=\"article-share-item list-inline-item m-0\"><button class=\"share-button btn-link-dark px-0 btn\"><i class=\"share-button__icon icon-link --small\"\/> <span class=\"text-ui-x-small text-uppercase mb-0\"><br \/>\n        Kopiuj link<br \/>\n      <\/span><\/button><\/li>\n<li class=\"article-share-item list-inline-item m-0\"><button class=\"share-button btn-link-dark px-0 btn\"><i class=\"share-button__icon icon-email --small\"\/> <span class=\"text-ui-x-small text-uppercase mb-0\"><br \/>\n        Wy\u015blij email<br \/>\n      <\/span><\/button><\/li>\n<\/ul>\n<div class=\"article-header__lead\">\n<p>Deklaracje Donalda Tuska w sprawie pomocy Ukrainie ponios\u0142y si\u0119 szerokim echem. Dotar\u0142y tak\u017ce do Komisji Europejskiej, ale jak wynika z odpowiedzi biura prasowego KE, kt\u00f3re otrzyma\u0142a Energetyka24, nikt nie kontaktowa\u0142 si\u0119 w tej sprawie z Bruksel\u0105.<\/p>\n<\/div>\n<\/header>\n<p> <!----> <\/section>\n<section class=\"block\" style=\"grid-column:span 6;grid-row:span 1;\">\n<p class=\"paragraph-module\">\u2013 Pracujemy nad spalaniem polskiego w\u0119gla bez op\u0142at za emisje. Pr\u0105d wytworzony przez polskie elektrownie z tego w\u0119gla&#8230;<\/p>\n<\/section>\n<\/div>\n<p><br \/>\n<br \/><a href=\"https:\/\/energetyka24.com\/elektroenergetyka\/wiadomosci\/co-z-pomyslem-tuska-na-eksport-energii-elektrycznej-do-ukrainy-mamy-odpowiedz-komisji-europejskiej\">\u0179r\u00f3d\u0142o<\/a><\/p>\n","protected":false},"excerpt":{"rendered":"<p>Autor. European Union, 2024 \/ EC &#8211; Audiovisual Service Facebook Twitter LinkedIn Kopiuj link Wy\u015blij email Deklaracje Donalda Tuska w sprawie pomocy Ukrainie ponios\u0142y si\u0119 szerokim echem. Dotar\u0142y tak\u017ce do Komisji Europejskiej, ale jak wynika z odpowiedzi biura prasowego KE, kt\u00f3re otrzyma\u0142a Energetyka24, nikt nie kontaktowa\u0142 si\u0119 w tej sprawie z Bruksel\u0105. \u2013 Pracujemy nad [&hellip;]<\/p>\n","protected":false},"author":2,"featured_media":0,"comment_status":"closed","ping_status":"closed","sticky":false,"template":"","format":"standard","meta":{"footnotes":""},"categories":[1192],"tags":[],"class_list":{"0":"post-9577","1":"post","2":"type-post","3":"status-publish","4":"format-standard","6":"category-energy-pl"},"_links":{"self":[{"href":"https:\/\/eunewsroom.com\/pl\/wp-json\/wp\/v2\/posts\/9577","targetHints":{"allow":["GET"]}}],"collection":[{"href":"https:\/\/eunewsroom.com\/pl\/wp-json\/wp\/v2\/posts"}],"about":[{"href":"https:\/\/eunewsroom.com\/pl\/wp-json\/wp\/v2\/types\/post"}],"author":[{"embeddable":true,"href":"https:\/\/eunewsroom.com\/pl\/wp-json\/wp\/v2\/users\/2"}],"replies":[{"embeddable":true,"href":"https:\/\/eunewsroom.com\/pl\/wp-json\/wp\/v2\/comments?post=9577"}],"version-history":[{"count":0,"href":"https:\/\/eunewsroom.com\/pl\/wp-json\/wp\/v2\/posts\/9577\/revisions"}],"wp:attachment":[{"href":"https:\/\/eunewsroom.com\/pl\/wp-json\/wp\/v2\/media?parent=9577"}],"wp:term":[{"taxonomy":"category","embeddable":true,"href":"https:\/\/eunewsroom.com\/pl\/wp-json\/wp\/v2\/categories?post=9577"},{"taxonomy":"post_tag","embeddable":true,"href":"https:\/\/eunewsroom.com\/pl\/wp-json\/wp\/v2\/tags?post=9577"}],"curies":[{"name":"wp","href":"https:\/\/api.w.org\/{rel}","templated":true}]}}