{"id":9574,"date":"2024-07-14T14:28:40","date_gmt":"2024-07-14T14:28:40","guid":{"rendered":"https:\/\/eunewsroom.com\/ekspertka-nominowana-do-esdn-ds-osob-starszych-i-zdrowia-publicznego\/"},"modified":"2024-07-14T14:28:40","modified_gmt":"2024-07-14T14:28:40","slug":"ekspertka-nominowana-do-esdn-ds-osob-starszych-i-zdrowia-publicznego","status":"publish","type":"post","link":"https:\/\/eunewsroom.com\/pl\/ekspertka-nominowana-do-esdn-ds-osob-starszych-i-zdrowia-publicznego\/","title":{"rendered":"Ekspertka nominowana do ESDN ds. Os\u00f3b Starszych i Zdrowia Publicznego"},"content":{"rendered":"<p> <br \/>\n<\/p>\n<div><head><br \/>\n<title>Ekspertka nominowana do ESDN ds. Os\u00f3b Starszych i Zdrowia Publicznego &#8211; informacje na temat EFAD i ESDN. Europejska Federacja Stowarzysze\u0144 Dietetyk\u00f3w oraz Europejskie Sieci Specjalistyczne Dietetyk\u00f3w w roli lider\u00f3w w promowaniu zdrowego \u017cywienia i zdrowia publicznego. Effective representation in key <\/title><br \/>\n<meta http-equiv=\"Content-Type\" content=\"text\/html; charset=utf-8\"\/><br \/>\n<meta name=\"viewport\" content=\"width=device-width, initial-scale=1.0\"\/><br \/>\n<meta http-equiv=\"Content-Language\" content=\"pl\"\/><br \/>\n<meta name=\"robots\" content=\"index,follow\"\/>\n<link rel=\"dns-prefetch\" href=\"https:\/\/ajax.googleapis.com\"\/>\n<link rel=\"dns-prefetch\" href=\"https:\/\/www.google.com\"\/>\n<link rel=\"dns-prefetch\" href=\"https:\/\/cdn.gallery\"\/>\n<link rel=\"dns-prefetch\" href=\"https:\/\/www.googletagmanager.com\"\/>\n<meta name=\"description\" content=\"Prof. Katarzyna Bruka\u0142o ponownie nominowana do ESDN ds. Os\u00f3b Starszych i po raz pierwszy do ESDN ds. Zdrowia Publicznego. Jedyne polskie przedstawicielki w tych sieciach \u017cywieniowych na poziomie europejskim.\"\/><br \/>\n<meta name=\"keywords\" content=\"Gastroenterologia , zdrowie publiczne, dietetyk, zdrowie, Podstawowa Opieka Zdrowotna, opieka zdrowotna, ESDN, Europejska Federacja Stowarzysze\u0144 Dietetyk\u00f3w, zdrowie publiczne, \u017cywienie, starzenie si\u0119 spo\u0142ecze\u0144stwa, polityka zdrowotna, promocja zdrowia, rola dietetyk\u00f3w, wp\u0142yw na decyzje europejskie\"\/><br \/>\n<meta name=\"robots\" content=\"max-image-preview:large\"\/>\n<link rel=\"canonical\" href=\"https:\/\/politykazdrowotna.com\/artykul\/polka-zadba-w-europie-n1257031\"\/>\n<meta property=\"og:url\" content=\"https:\/\/politykazdrowotna.com\/artykul\/polka-zadba-w-europie-n1257031\"\/><br \/>\n<meta property=\"og:locale\" content=\"pl_PL\"\/><br \/>\n<meta property=\"og:site_name\" content=\"PolitykaZdrowotna.com\"\/><br \/>\n<meta property=\"og:type\" content=\"article\"\/><br \/>\n<meta property=\"og:title\" content=\"Polka zadba w Europie o rekomendacje \u017cywieniowe, r\u00f3wnie\u017c dla senior\u00f3w\"\/><br \/>\n<meta name=\"geo.position\" content=\"52.21139205429132;21.035716928992326\"\/><br \/>\n<meta name=\"geo.placename\" content=\"Medycyna i Zdrowie\"\/><br \/>\n<meta property=\"og:description\" content=\"Dr n. o zdrowiu Katarzyna Bruka\u0142o z Katedry Polityki Zdrowia Publicznego - Zak\u0142adu Polityki Zdrowotnej Wydzia\u0142u Zdrowia Publicznego SUM w Bytomiu zosta\u0142a po\"\/><br \/>\n<meta property=\"article:published_time\" content=\"2024-07-05T15:03:00+00:00\"\/><br \/>\n<meta property=\"article:modified_time\" content=\"2024-07-05T15:03:00+00:00\"\/><br \/>\n<meta property=\"article:tag\" content=\"Ludzie\"\/><br \/>\n<meta property=\"article:section\" content=\"Medycyna i biznes\"\/><br \/>\n<meta property=\"og:image\" content=\"https:\/\/politykazdrowotna.com\/static\/files\/cropped\/541\/1257031_1720170358.webp\"\/><br \/>\n<meta name=\"twitter:card\" content=\"summary_large_image\"\/><br \/>\n<meta name=\"twitter:site\" content=\"PolitykaZdrowotna.com\"\/><br \/>\n<meta name=\"twitter:title\" content=\"Polka zadba w Europie o rekomendacje \u017cywieniowe, r\u00f3wnie\u017c dla senior\u00f3w\"\/><br \/>\n<meta name=\"twitter:description\" content=\"Dr n. o zdrowiu Katarzyna Bruka\u0142o z Katedry Polityki Zdrowia Publicznego - Zak\u0142adu Polityki Zdrowotnej Wydzia\u0142u Zdrowia Publicznego SUM w Bytomiu zosta\u0142a po\"\/><br \/>\n<meta name=\"twitter:image\" content=\"https:\/\/politykazdrowotna.com\/static\/files\/cropped\/541\/1257031_1720170358.webp\"\/><br \/>\n<meta name=\"generator\" content=\"CMCMedia 4.07\"\/>\n<link rel=\"stylesheet\" href=\"https:\/\/politykazdrowotna.com\/static\/nextgen\/styles\/main.css?ver=1.917\"\/>\n<link rel=\"icon\" type=\"image\/png\" href=\"https:\/\/cdn.cmc-gallery.pl\/static\/files\/favicons\/32favicon.png\"\/>\n<meta property=\"fb:app_id\" content=\"3511758195719499\"\/><\/p>\n<p><\/head><body id=\"wp_automatic_ReadabilityBody\"><\/p>\n<div class=\"sticky_anchor\">\n<img decoding=\"async\" src=\"https:\/\/politykazdrowotna.com\/static\/nextgen\/img\/close_x3.png\" id=\"closeAd\"\/><\/p>\n<\/div>\n<p><\/body><\/div>\n<p><br \/>\n<br \/><a href=\"https:\/\/politykazdrowotna.com\/artykul\/polka-zadba-w-europie-n1257031\">\u0179r\u00f3d\u0142o<\/a><\/p>\n","protected":false},"excerpt":{"rendered":"<p>Ekspertka nominowana do ESDN ds. Os\u00f3b Starszych i Zdrowia Publicznego &#8211; informacje na temat EFAD i ESDN. Europejska Federacja Stowarzysze\u0144 Dietetyk\u00f3w oraz Europejskie Sieci Specjalistyczne Dietetyk\u00f3w w roli lider\u00f3w w promowaniu zdrowego \u017cywienia i zdrowia publicznego. Effective representation in key \u0179r\u00f3d\u0142o<\/p>\n","protected":false},"author":2,"featured_media":0,"comment_status":"closed","ping_status":"closed","sticky":false,"template":"","format":"standard","meta":{"footnotes":""},"categories":[1184],"tags":[],"class_list":{"0":"post-9574","1":"post","2":"type-post","3":"status-publish","4":"format-standard","6":"category-healthcare-pl"},"_links":{"self":[{"href":"https:\/\/eunewsroom.com\/pl\/wp-json\/wp\/v2\/posts\/9574","targetHints":{"allow":["GET"]}}],"collection":[{"href":"https:\/\/eunewsroom.com\/pl\/wp-json\/wp\/v2\/posts"}],"about":[{"href":"https:\/\/eunewsroom.com\/pl\/wp-json\/wp\/v2\/types\/post"}],"author":[{"embeddable":true,"href":"https:\/\/eunewsroom.com\/pl\/wp-json\/wp\/v2\/users\/2"}],"replies":[{"embeddable":true,"href":"https:\/\/eunewsroom.com\/pl\/wp-json\/wp\/v2\/comments?post=9574"}],"version-history":[{"count":0,"href":"https:\/\/eunewsroom.com\/pl\/wp-json\/wp\/v2\/posts\/9574\/revisions"}],"wp:attachment":[{"href":"https:\/\/eunewsroom.com\/pl\/wp-json\/wp\/v2\/media?parent=9574"}],"wp:term":[{"taxonomy":"category","embeddable":true,"href":"https:\/\/eunewsroom.com\/pl\/wp-json\/wp\/v2\/categories?post=9574"},{"taxonomy":"post_tag","embeddable":true,"href":"https:\/\/eunewsroom.com\/pl\/wp-json\/wp\/v2\/tags?post=9574"}],"curies":[{"name":"wp","href":"https:\/\/api.w.org\/{rel}","templated":true}]}}