{"id":9573,"date":"2024-07-14T14:28:40","date_gmt":"2024-07-14T14:28:40","guid":{"rendered":"https:\/\/eunewsroom.com\/co-trzeci-aspirant-oblewa-w-niemczech-egzamin-na-prawo-jazdy-dw-22-01-2013\/"},"modified":"2024-07-14T14:28:40","modified_gmt":"2024-07-14T14:28:40","slug":"co-trzeci-aspirant-oblewa-w-niemczech-egzamin-na-prawo-jazdy-dw-22-01-2013","status":"publish","type":"post","link":"https:\/\/eunewsroom.com\/pl\/co-trzeci-aspirant-oblewa-w-niemczech-egzamin-na-prawo-jazdy-dw-22-01-2013\/","title":{"rendered":"Co trzeci aspirant oblewa w Niemczech egzamin na prawo jazdy \u2013 DW \u2013 22.01.2013"},"content":{"rendered":"<p> <br \/>\n<\/p>\n<div>\n<p>\n\tRokrocznie setki tysi\u0119cy os\u00f3b w RFN nie zdaje egzaminu na prawo jazdy, jest to statystycznie co trzeci kursant &#8211; obliczy\u0142 Autoclub Europa. Rzecznik tego zwi\u0105zku automobilowego Rainer Hillgaertner wysuwa powa\u017cne zarzuty pod adresem organizator\u00f3w szkole\u0144 dla kierowc\u00f3w.<\/p>\n<p>\n\t<b>Wszystkiemu winien ni\u017c<\/b><\/p>\n<p>\n\tNasuwa si\u0119 podejrzenie, \u017ce istnieje zwi\u0105zek mi\u0119dzy tak du\u017c\u0105 liczb\u0105 oblanych egzamin\u00f3w i og\u00f3lnie ci\u0119\u017ck\u0105 sytuacj\u0105 na rynku ze wzgl\u0119du na to, \u017ce do zdobycia prawa jazdy podchodzi m\u0142odzie\u017c z okresu ni\u017cu demograficznego.<\/p>\n<figure class=\"placeholder-image legacy_daily_image_landscape right\"><img data-format=\"LEGACY_DAILY_IMAGE_LANDSCAPE\" data-id=\"15599132\" data-url=\"https:\/\/static.dw.com\/image\/15599132_${formatId}.jpg\" data-aspect-ratio=\"330\/244\" alt=\"Fahrschule Rudi Meyer. Autos der Fahrschule Meyer. Dezember 2011. Lilienthal, Niedersachsen. Autor: Victoria Dannemann Fahrschule, Fahrlehrer, fahren, F\u00fchrerschein, Christoph Meyer The photos IMG_2571 and IMG_2573 were taken by me for an article about driving in Germany. I give the rights to Deutsche Welle, to publish them. Victoria Dannemann.\" style=\"padding-bottom: 73.94%; height: 0; max-height: 0;\"\/><figcaption class=\"img-caption\">Szko\u0142y jazdy maj\u0105 coraz mniej klient\u00f3w &#8211; przez ni\u017c&#8230;<\/figcaption><\/figure>\n<\/div>\n<p><br \/>\n<br \/><a href=\"https:\/\/www.dw.com\/pl\/co-trzeci-aspirant-oblewa-w-niemczech-egzamin-na-prawo-jazdy\/a-16543179\">\u0179r\u00f3d\u0142o<\/a><\/p>\n","protected":false},"excerpt":{"rendered":"<p>Rokrocznie setki tysi\u0119cy os\u00f3b w RFN nie zdaje egzaminu na prawo jazdy, jest to statystycznie co trzeci kursant &#8211; obliczy\u0142 Autoclub Europa. Rzecznik tego zwi\u0105zku automobilowego Rainer Hillgaertner wysuwa powa\u017cne zarzuty pod adresem organizator\u00f3w szkole\u0144 dla kierowc\u00f3w. Wszystkiemu winien ni\u017c Nasuwa si\u0119 podejrzenie, \u017ce istnieje zwi\u0105zek mi\u0119dzy tak du\u017c\u0105 liczb\u0105 oblanych egzamin\u00f3w i og\u00f3lnie ci\u0119\u017ck\u0105 [&hellip;]<\/p>\n","protected":false},"author":2,"featured_media":0,"comment_status":"closed","ping_status":"closed","sticky":false,"template":"","format":"standard","meta":{"footnotes":""},"categories":[1185],"tags":[],"class_list":{"0":"post-9573","1":"post","2":"type-post","3":"status-publish","4":"format-standard","6":"category-automotive-pl"},"_links":{"self":[{"href":"https:\/\/eunewsroom.com\/pl\/wp-json\/wp\/v2\/posts\/9573","targetHints":{"allow":["GET"]}}],"collection":[{"href":"https:\/\/eunewsroom.com\/pl\/wp-json\/wp\/v2\/posts"}],"about":[{"href":"https:\/\/eunewsroom.com\/pl\/wp-json\/wp\/v2\/types\/post"}],"author":[{"embeddable":true,"href":"https:\/\/eunewsroom.com\/pl\/wp-json\/wp\/v2\/users\/2"}],"replies":[{"embeddable":true,"href":"https:\/\/eunewsroom.com\/pl\/wp-json\/wp\/v2\/comments?post=9573"}],"version-history":[{"count":0,"href":"https:\/\/eunewsroom.com\/pl\/wp-json\/wp\/v2\/posts\/9573\/revisions"}],"wp:attachment":[{"href":"https:\/\/eunewsroom.com\/pl\/wp-json\/wp\/v2\/media?parent=9573"}],"wp:term":[{"taxonomy":"category","embeddable":true,"href":"https:\/\/eunewsroom.com\/pl\/wp-json\/wp\/v2\/categories?post=9573"},{"taxonomy":"post_tag","embeddable":true,"href":"https:\/\/eunewsroom.com\/pl\/wp-json\/wp\/v2\/tags?post=9573"}],"curies":[{"name":"wp","href":"https:\/\/api.w.org\/{rel}","templated":true}]}}