{"id":9569,"date":"2024-07-14T14:28:33","date_gmt":"2024-07-14T14:28:33","guid":{"rendered":"https:\/\/eunewsroom.com\/komisja-europejska-mowi-nie-pomyslowi-tuska-zaskoczenie-w-spolkach-energetycznych\/"},"modified":"2024-07-14T14:28:33","modified_gmt":"2024-07-14T14:28:33","slug":"komisja-europejska-mowi-nie-pomyslowi-tuska-zaskoczenie-w-spolkach-energetycznych","status":"publish","type":"post","link":"https:\/\/eunewsroom.com\/pl\/komisja-europejska-mowi-nie-pomyslowi-tuska-zaskoczenie-w-spolkach-energetycznych\/","title":{"rendered":"Komisja Europejska m\u00f3wi &#8222;nie&#8221; pomys\u0142owi Tuska. Zaskoczenie w sp\u00f3\u0142kach energetycznych"},"content":{"rendered":"<p> <br \/>\n<\/p>\n<p>&#13;<br \/>\n            Komisja Europejska przyzna\u0142a, \u017ce &#8222;nie mia\u0142a \u017cadnego kontaktu z polskimi w\u0142adzami&#8221; w sprawie pomys\u0142u Donalda Tuska &#8211; podaje &#8222;Rzeczpospolita&#8221;. Premier proponowa\u0142, by za europejskie pieni\u0105dze spala\u0107 polski w\u0119giel na potrzeby Ukrainy.&#13;\n        <\/p>\n<div>\n<p>                        <a href=\"https:\/\/next.gazeta.pl\/next\/7,151003,31128419,sprytny-plan-donalda-tuska-chodzi-o-polski-wegiel-prad-i-ukraine.html\" class=\"art_link\" rel=\"dofollow\">Szef rz\u0105du m\u00f3wi\u0142 na pocz\u0105tku tygodnia po spotkaniu z prezydentem Ukrainy Wo\u0142odymyrem Ze\u0142enskim<\/a>                                , \u017ce polski rz\u0105d chcia\u0142by spala\u0107 polski w\u0119giel, nie p\u0142ac\u0105c przy tym za emisj\u0119 CO2, a pr\u0105d &#8222;przesy\u0142a\u0107 istniej\u0105cym mostem&#8230;<\/p>\n<\/div>\n<p><br \/>\n<br \/><a href=\"https:\/\/next.gazeta.pl\/next\/7,151003,31136925,donald-tusk-ma-plan-dotyczacy-ukrainy-komisja-europejska-zaskoczona.amp\">\u0179r\u00f3d\u0142o<\/a><\/p>\n","protected":false},"excerpt":{"rendered":"<p>&#13; Komisja Europejska przyzna\u0142a, \u017ce &#8222;nie mia\u0142a \u017cadnego kontaktu z polskimi w\u0142adzami&#8221; w sprawie pomys\u0142u Donalda Tuska &#8211; podaje &#8222;Rzeczpospolita&#8221;. Premier proponowa\u0142, by za europejskie pieni\u0105dze spala\u0107 polski w\u0119giel na potrzeby Ukrainy.&#13; Szef rz\u0105du m\u00f3wi\u0142 na pocz\u0105tku tygodnia po spotkaniu z prezydentem Ukrainy Wo\u0142odymyrem Ze\u0142enskim , \u017ce polski rz\u0105d chcia\u0142by spala\u0107 polski w\u0119giel, nie p\u0142ac\u0105c [&hellip;]<\/p>\n","protected":false},"author":2,"featured_media":0,"comment_status":"closed","ping_status":"closed","sticky":false,"template":"","format":"standard","meta":{"footnotes":""},"categories":[1193],"tags":[],"class_list":{"0":"post-9569","1":"post","2":"type-post","3":"status-publish","4":"format-standard","6":"category-business-pl"},"_links":{"self":[{"href":"https:\/\/eunewsroom.com\/pl\/wp-json\/wp\/v2\/posts\/9569","targetHints":{"allow":["GET"]}}],"collection":[{"href":"https:\/\/eunewsroom.com\/pl\/wp-json\/wp\/v2\/posts"}],"about":[{"href":"https:\/\/eunewsroom.com\/pl\/wp-json\/wp\/v2\/types\/post"}],"author":[{"embeddable":true,"href":"https:\/\/eunewsroom.com\/pl\/wp-json\/wp\/v2\/users\/2"}],"replies":[{"embeddable":true,"href":"https:\/\/eunewsroom.com\/pl\/wp-json\/wp\/v2\/comments?post=9569"}],"version-history":[{"count":0,"href":"https:\/\/eunewsroom.com\/pl\/wp-json\/wp\/v2\/posts\/9569\/revisions"}],"wp:attachment":[{"href":"https:\/\/eunewsroom.com\/pl\/wp-json\/wp\/v2\/media?parent=9569"}],"wp:term":[{"taxonomy":"category","embeddable":true,"href":"https:\/\/eunewsroom.com\/pl\/wp-json\/wp\/v2\/categories?post=9569"},{"taxonomy":"post_tag","embeddable":true,"href":"https:\/\/eunewsroom.com\/pl\/wp-json\/wp\/v2\/tags?post=9569"}],"curies":[{"name":"wp","href":"https:\/\/api.w.org\/{rel}","templated":true}]}}