{"id":9566,"date":"2024-07-14T14:28:28","date_gmt":"2024-07-14T14:28:28","guid":{"rendered":"https:\/\/eunewsroom.com\/powstaje-europejska-aplikacja-do-monitoringu-kleszczy\/"},"modified":"2024-07-14T14:28:28","modified_gmt":"2024-07-14T14:28:28","slug":"powstaje-europejska-aplikacja-do-monitoringu-kleszczy","status":"publish","type":"post","link":"https:\/\/eunewsroom.com\/pl\/powstaje-europejska-aplikacja-do-monitoringu-kleszczy\/","title":{"rendered":"Powstaje europejska aplikacja do monitoringu kleszczy"},"content":{"rendered":"<p> <br \/>\n<\/p>\n<div>\n<p class=\"news__lead\">W najbli\u017cszych miesi\u0105cach ma by\u0107 gotowa og\u00f3lnodost\u0119pna europejska aplikacja do monitorowania wyst\u0119powania kleszczy. Prace nad tym narz\u0119dziem wpisuj\u0105 si\u0119 w rosn\u0105cy trend nauki obywatelskiej, czyli zaanga\u017cowania zwyk\u0142ych ludzi a nie ekspert\u00f3w w badania naukowe.<\/p>\n<p>Nad wdro\u017ceniem aplikacji pracuj\u0105 naukowcy w ramach unijnego projektu \u201ePRAGMATICK COST\u201d (<a href=\"http:\/\/pragmatick-action.eu\/\" target=\"_blank\" rel=\"noopener\">https:\/\/pragmatick-action.eu<\/a>\/), w kt\u00f3re zaanga\u017cowana jest r\u00f3wnie\u017c dr in\u017c. Anna Wierzbicka z Katedry \u0141owiectwa i Ochrony Lasu Uniwersytetu Przyrodniczego w Poznaniu.<\/p>\n<p>\u00a0<\/p>\n<p>W\u015br\u00f3d g\u0142\u00f3wnych cel\u00f3w projektu s\u0105:&#8230;<\/p>\n<\/div>\n<p><br \/>\n<br \/><a href=\"https:\/\/politykazdrowotna.com\/artykul\/powstaje-europejska-aplikacja-n1258016\">\u0179r\u00f3d\u0142o<\/a><\/p>\n","protected":false},"excerpt":{"rendered":"<p>W najbli\u017cszych miesi\u0105cach ma by\u0107 gotowa og\u00f3lnodost\u0119pna europejska aplikacja do monitorowania wyst\u0119powania kleszczy. Prace nad tym narz\u0119dziem wpisuj\u0105 si\u0119 w rosn\u0105cy trend nauki obywatelskiej, czyli zaanga\u017cowania zwyk\u0142ych ludzi a nie ekspert\u00f3w w badania naukowe. Nad wdro\u017ceniem aplikacji pracuj\u0105 naukowcy w ramach unijnego projektu \u201ePRAGMATICK COST\u201d (https:\/\/pragmatick-action.eu\/), w kt\u00f3re zaanga\u017cowana jest r\u00f3wnie\u017c dr in\u017c. Anna Wierzbicka [&hellip;]<\/p>\n","protected":false},"author":2,"featured_media":0,"comment_status":"closed","ping_status":"closed","sticky":false,"template":"","format":"standard","meta":{"footnotes":""},"categories":[1184],"tags":[],"class_list":{"0":"post-9566","1":"post","2":"type-post","3":"status-publish","4":"format-standard","6":"category-healthcare-pl"},"_links":{"self":[{"href":"https:\/\/eunewsroom.com\/pl\/wp-json\/wp\/v2\/posts\/9566","targetHints":{"allow":["GET"]}}],"collection":[{"href":"https:\/\/eunewsroom.com\/pl\/wp-json\/wp\/v2\/posts"}],"about":[{"href":"https:\/\/eunewsroom.com\/pl\/wp-json\/wp\/v2\/types\/post"}],"author":[{"embeddable":true,"href":"https:\/\/eunewsroom.com\/pl\/wp-json\/wp\/v2\/users\/2"}],"replies":[{"embeddable":true,"href":"https:\/\/eunewsroom.com\/pl\/wp-json\/wp\/v2\/comments?post=9566"}],"version-history":[{"count":0,"href":"https:\/\/eunewsroom.com\/pl\/wp-json\/wp\/v2\/posts\/9566\/revisions"}],"wp:attachment":[{"href":"https:\/\/eunewsroom.com\/pl\/wp-json\/wp\/v2\/media?parent=9566"}],"wp:term":[{"taxonomy":"category","embeddable":true,"href":"https:\/\/eunewsroom.com\/pl\/wp-json\/wp\/v2\/categories?post=9566"},{"taxonomy":"post_tag","embeddable":true,"href":"https:\/\/eunewsroom.com\/pl\/wp-json\/wp\/v2\/tags?post=9566"}],"curies":[{"name":"wp","href":"https:\/\/api.w.org\/{rel}","templated":true}]}}