{"id":9563,"date":"2024-07-14T14:26:29","date_gmt":"2024-07-14T14:26:29","guid":{"rendered":"https:\/\/eunewsroom.com\/przyjeli-europejski-styl-zycia-teraz-gorzko-tego-zaluja-interia-wydarzenia\/"},"modified":"2024-07-14T14:26:29","modified_gmt":"2024-07-14T14:26:29","slug":"przyjeli-europejski-styl-zycia-teraz-gorzko-tego-zaluja-interia-wydarzenia","status":"publish","type":"post","link":"https:\/\/eunewsroom.com\/pl\/przyjeli-europejski-styl-zycia-teraz-gorzko-tego-zaluja-interia-wydarzenia\/","title":{"rendered":"Przyj\u0119li europejski styl \u017cycia. Teraz gorzko tego \u017ca\u0142uj\u0105 &#8211; Interia Wydarzenia"},"content":{"rendered":"<p> <br \/>\n<br \/><a href=\"https:\/\/news.google.com\/rss\/articles\/CBMigAFodHRwczovL3d5ZGFyemVuaWEuaW50ZXJpYS5wbC9yYXBvcnQtbWVkaWEtemFncmFuaWN6bmUvbmV3cy1lbC1wYWlzLWV1cm9wZWpza2ktc3R5bC16eWNpYS1wb2dyYXphLW1pZXN6a2FuY293LWFmcnlraSxuSWQsNzQ0Mjc3MtIBAA?oc=5\" target=\"_blank\" rel=\"noopener\">Przyj\u0119li europejski styl \u017cycia. Teraz gorzko tego \u017ca\u0142uj\u0105<\/a>&nbsp;&nbsp;<font color=\"#6f6f6f\">Interia Wydarzenia<\/font><br \/>\n<br \/><br \/>\n<br \/><a href=\"https:\/\/wydarzenia.interia.pl\/raport-media-zagraniczne\/news-el-pais-europejski-styl-zycia-pograza-mieszkancow-afryki,nId,7442772\">\u0179r\u00f3d\u0142o<\/a><\/p>\n","protected":false},"excerpt":{"rendered":"<p>Przyj\u0119li europejski styl \u017cycia. Teraz gorzko tego \u017ca\u0142uj\u0105&nbsp;&nbsp;Interia Wydarzenia \u0179r\u00f3d\u0142o<\/p>\n","protected":false},"author":2,"featured_media":0,"comment_status":"closed","ping_status":"closed","sticky":false,"template":"","format":"standard","meta":{"footnotes":""},"categories":[1194],"tags":[],"class_list":{"0":"post-9563","1":"post","2":"type-post","3":"status-publish","4":"format-standard","6":"category-lifestyle-pl"},"_links":{"self":[{"href":"https:\/\/eunewsroom.com\/pl\/wp-json\/wp\/v2\/posts\/9563","targetHints":{"allow":["GET"]}}],"collection":[{"href":"https:\/\/eunewsroom.com\/pl\/wp-json\/wp\/v2\/posts"}],"about":[{"href":"https:\/\/eunewsroom.com\/pl\/wp-json\/wp\/v2\/types\/post"}],"author":[{"embeddable":true,"href":"https:\/\/eunewsroom.com\/pl\/wp-json\/wp\/v2\/users\/2"}],"replies":[{"embeddable":true,"href":"https:\/\/eunewsroom.com\/pl\/wp-json\/wp\/v2\/comments?post=9563"}],"version-history":[{"count":0,"href":"https:\/\/eunewsroom.com\/pl\/wp-json\/wp\/v2\/posts\/9563\/revisions"}],"wp:attachment":[{"href":"https:\/\/eunewsroom.com\/pl\/wp-json\/wp\/v2\/media?parent=9563"}],"wp:term":[{"taxonomy":"category","embeddable":true,"href":"https:\/\/eunewsroom.com\/pl\/wp-json\/wp\/v2\/categories?post=9563"},{"taxonomy":"post_tag","embeddable":true,"href":"https:\/\/eunewsroom.com\/pl\/wp-json\/wp\/v2\/tags?post=9563"}],"curies":[{"name":"wp","href":"https:\/\/api.w.org\/{rel}","templated":true}]}}