{"id":9560,"date":"2024-07-14T14:26:27","date_gmt":"2024-07-14T14:26:27","guid":{"rendered":"https:\/\/eunewsroom.com\/co-nam-odbiera-unia-europejska-coraz-mniej-wolnosci\/"},"modified":"2024-07-14T14:26:27","modified_gmt":"2024-07-14T14:26:27","slug":"co-nam-odbiera-unia-europejska-coraz-mniej-wolnosci","status":"publish","type":"post","link":"https:\/\/eunewsroom.com\/pl\/co-nam-odbiera-unia-europejska-coraz-mniej-wolnosci\/","title":{"rendered":"Co nam odbiera Unia Europejska. Coraz mniej wolno\u015bci"},"content":{"rendered":"<p> <br \/>\n<\/p>\n<div id=\"art-text-inner\">\n             <!-- CONTENT: START --> <\/p>\n<p class=\"initial-letter\">Unia Europejska ma\u00a0wszystkie atrybuty pa\u0144stwa: terytorium, granice, ludno\u015b\u0107 z\u00a0obywatelstwem europejskim, w\u0142adze, osobowo\u015b\u0107 prawn\u0105, stolic\u0119, bank centralny i\u00a0w\u0142asn\u0105 walut\u0119 oraz\u00a0symbole \u2013\u00a0flag\u0119, hymn \u2013\u00a0a\u00a0ponadto prowadzi polityk\u0119 zagraniczn\u0105, handlow\u0105, celn\u0105, roln\u0105. A\u00a0\u017cadna cz\u0119\u015b\u0107 pa\u0144stwa nie\u00a0mo\u017ce by\u0107 innym pa\u0144stwem. Jeste\u015bmy zatem unijnym wojew\u00f3dztwem, prowincj\u0105 czy\u00a0landem (mo\u017cna nazwa\u0107 dowolnie), a\u00a0polski premier jest co\u00a0najwy\u017cej kim\u015b na\u00a0kszta\u0142t wojewody. Do\u00a0naszego systemu prawnego musimy&#8230;<\/p>\n<\/div>\n<p><br \/>\n<br \/><a href=\"https:\/\/dorzeczy.pl\/opinie\/593070\/co-nam-odbiera-unia-europejska-coraz-mniej-wolnosci.html\">\u0179r\u00f3d\u0142o<\/a><\/p>\n","protected":false},"excerpt":{"rendered":"<p>Unia Europejska ma\u00a0wszystkie atrybuty pa\u0144stwa: terytorium, granice, ludno\u015b\u0107 z\u00a0obywatelstwem europejskim, w\u0142adze, osobowo\u015b\u0107 prawn\u0105, stolic\u0119, bank centralny i\u00a0w\u0142asn\u0105 walut\u0119 oraz\u00a0symbole \u2013\u00a0flag\u0119, hymn \u2013\u00a0a\u00a0ponadto prowadzi polityk\u0119 zagraniczn\u0105, handlow\u0105, celn\u0105, roln\u0105. A\u00a0\u017cadna cz\u0119\u015b\u0107 pa\u0144stwa nie\u00a0mo\u017ce by\u0107 innym pa\u0144stwem. Jeste\u015bmy zatem unijnym wojew\u00f3dztwem, prowincj\u0105 czy\u00a0landem (mo\u017cna nazwa\u0107 dowolnie), a\u00a0polski premier jest co\u00a0najwy\u017cej kim\u015b na\u00a0kszta\u0142t wojewody. Do\u00a0naszego systemu prawnego musimy&#8230; [&hellip;]<\/p>\n","protected":false},"author":2,"featured_media":0,"comment_status":"closed","ping_status":"closed","sticky":false,"template":"","format":"standard","meta":{"footnotes":""},"categories":[1191],"tags":[],"class_list":{"0":"post-9560","1":"post","2":"type-post","3":"status-publish","4":"format-standard","6":"category-politics-pl"},"_links":{"self":[{"href":"https:\/\/eunewsroom.com\/pl\/wp-json\/wp\/v2\/posts\/9560","targetHints":{"allow":["GET"]}}],"collection":[{"href":"https:\/\/eunewsroom.com\/pl\/wp-json\/wp\/v2\/posts"}],"about":[{"href":"https:\/\/eunewsroom.com\/pl\/wp-json\/wp\/v2\/types\/post"}],"author":[{"embeddable":true,"href":"https:\/\/eunewsroom.com\/pl\/wp-json\/wp\/v2\/users\/2"}],"replies":[{"embeddable":true,"href":"https:\/\/eunewsroom.com\/pl\/wp-json\/wp\/v2\/comments?post=9560"}],"version-history":[{"count":0,"href":"https:\/\/eunewsroom.com\/pl\/wp-json\/wp\/v2\/posts\/9560\/revisions"}],"wp:attachment":[{"href":"https:\/\/eunewsroom.com\/pl\/wp-json\/wp\/v2\/media?parent=9560"}],"wp:term":[{"taxonomy":"category","embeddable":true,"href":"https:\/\/eunewsroom.com\/pl\/wp-json\/wp\/v2\/categories?post=9560"},{"taxonomy":"post_tag","embeddable":true,"href":"https:\/\/eunewsroom.com\/pl\/wp-json\/wp\/v2\/tags?post=9560"}],"curies":[{"name":"wp","href":"https:\/\/api.w.org\/{rel}","templated":true}]}}