{"id":9558,"date":"2024-07-14T14:26:27","date_gmt":"2024-07-14T14:26:27","guid":{"rendered":"https:\/\/eunewsroom.com\/slaskie-swietuje-dwudziestolecie-obecnosci-w-unii-europejskiej\/"},"modified":"2024-07-14T14:26:27","modified_gmt":"2024-07-14T14:26:27","slug":"slaskie-swietuje-dwudziestolecie-obecnosci-w-unii-europejskiej","status":"publish","type":"post","link":"https:\/\/eunewsroom.com\/pl\/slaskie-swietuje-dwudziestolecie-obecnosci-w-unii-europejskiej\/","title":{"rendered":"\u015al\u0105skie \u015bwi\u0119tuje dwudziestolecie obecno\u015bci w Unii Europejskiej"},"content":{"rendered":"<p> <br \/>\n<\/p>\n<p><span>Katowice stan\u0105 si\u0119 1 maja br., biegow\u0105 stolic\u0105 Polski. Biegacze wystartuj\u0105 w kolejnej ods\u0142onie Biegu Bohater\u00f3w i w Silesia P\u00f3\u0142maratonie<\/span><\/p>\n<div>\n<p>Oba biegi po\u0142\u0105czy wsp\u00f3lny start z wyj\u0105tkowego miejsca jakim jest katowicka Strefa Kultury. Ka\u017cdy z uczestnik\u00f3w m\u00f3g\u0142 wybra\u0107 dystans \u2013 ok. 5 km w przypadku Biegu Bohater\u00f3w i klasyczny p\u00f3\u0142maraton. Dzi\u0119ki dw\u00f3m r\u00f3\u017cnym koszulkom dla uczestnik\u00f3w, na starcie biegacze utworz\u0105 barwy \u015al\u0105ska.<\/p>\n<p>\u201eKatowicka Strefa Kultury jest idealnym symbolem zmian, jakie zasz\u0142y w naszym regionie dzi\u0119ki obecno\u015bci w Unii Europejskiej. \u015al\u0105skie si\u0119&#8230;<\/p>\n<\/div>\n<p><br \/>\n<br \/><a href=\"https:\/\/www.slaskie.pl\/content\/slaskie-swietuje-dwudziestolecie-obecnosci-w-unii-europejskiej\">\u0179r\u00f3d\u0142o<\/a><\/p>\n","protected":false},"excerpt":{"rendered":"<p>Katowice stan\u0105 si\u0119 1 maja br., biegow\u0105 stolic\u0105 Polski. Biegacze wystartuj\u0105 w kolejnej ods\u0142onie Biegu Bohater\u00f3w i w Silesia P\u00f3\u0142maratonie Oba biegi po\u0142\u0105czy wsp\u00f3lny start z wyj\u0105tkowego miejsca jakim jest katowicka Strefa Kultury. Ka\u017cdy z uczestnik\u00f3w m\u00f3g\u0142 wybra\u0107 dystans \u2013 ok. 5 km w przypadku Biegu Bohater\u00f3w i klasyczny p\u00f3\u0142maraton. Dzi\u0119ki dw\u00f3m r\u00f3\u017cnym koszulkom dla [&hellip;]<\/p>\n","protected":false},"author":2,"featured_media":0,"comment_status":"closed","ping_status":"closed","sticky":false,"template":"","format":"standard","meta":{"footnotes":""},"categories":[1194],"tags":[],"class_list":{"0":"post-9558","1":"post","2":"type-post","3":"status-publish","4":"format-standard","6":"category-lifestyle-pl"},"_links":{"self":[{"href":"https:\/\/eunewsroom.com\/pl\/wp-json\/wp\/v2\/posts\/9558","targetHints":{"allow":["GET"]}}],"collection":[{"href":"https:\/\/eunewsroom.com\/pl\/wp-json\/wp\/v2\/posts"}],"about":[{"href":"https:\/\/eunewsroom.com\/pl\/wp-json\/wp\/v2\/types\/post"}],"author":[{"embeddable":true,"href":"https:\/\/eunewsroom.com\/pl\/wp-json\/wp\/v2\/users\/2"}],"replies":[{"embeddable":true,"href":"https:\/\/eunewsroom.com\/pl\/wp-json\/wp\/v2\/comments?post=9558"}],"version-history":[{"count":0,"href":"https:\/\/eunewsroom.com\/pl\/wp-json\/wp\/v2\/posts\/9558\/revisions"}],"wp:attachment":[{"href":"https:\/\/eunewsroom.com\/pl\/wp-json\/wp\/v2\/media?parent=9558"}],"wp:term":[{"taxonomy":"category","embeddable":true,"href":"https:\/\/eunewsroom.com\/pl\/wp-json\/wp\/v2\/categories?post=9558"},{"taxonomy":"post_tag","embeddable":true,"href":"https:\/\/eunewsroom.com\/pl\/wp-json\/wp\/v2\/tags?post=9558"}],"curies":[{"name":"wp","href":"https:\/\/api.w.org\/{rel}","templated":true}]}}