{"id":9557,"date":"2024-07-14T14:26:27","date_gmt":"2024-07-14T14:26:27","guid":{"rendered":"https:\/\/eunewsroom.com\/wizy-schengen-beda-drozsze-unia-europejska-podnosi-ceny-podroze-wprost\/"},"modified":"2024-07-14T14:26:27","modified_gmt":"2024-07-14T14:26:27","slug":"wizy-schengen-beda-drozsze-unia-europejska-podnosi-ceny-podroze-wprost","status":"publish","type":"post","link":"https:\/\/eunewsroom.com\/pl\/wizy-schengen-beda-drozsze-unia-europejska-podnosi-ceny-podroze-wprost\/","title":{"rendered":"Wizy Schengen b\u0119d\u0105 dro\u017csze. Unia Europejska podnosi ceny \u2013 Podr\u00f3\u017ce Wprost"},"content":{"rendered":"<p> <br \/>\n<\/p>\n<p>\n    Komisja Europejska podj\u0119\u0142a wa\u017cn\u0105 dla\u00a0turyst\u00f3w decyzj\u0119. Od\u00a01 czerwca wizy Schengen b\u0119d\u0105 kosztowa\u0142y wi\u0119cej. Powodem ma\u00a0by\u0107 inflacja w\u00a0pa\u0144stwach cz\u0142onkowskich.\n    <\/p>\n<div>\n<p>&#13;<br \/>\nKomisja Europejska potwierdzi\u0142a, \u017ce\u00a0koszt wizy Schengen wzro\u015bnie od\u00a0czerwca 2024 roku. Win\u0105 za\u00a0taki stan rzeczy obarczana jest rosn\u0105ca inflacja w\u00a0krajach nale\u017c\u0105cych do\u00a0Unii Europejskiej. Ile zap\u0142ac\u0105 tury\u015bci wed\u0142ug nowej taryfy? Wzrost ma\u00a0osi\u0105gn\u0105\u0107 nawet 12 procent. &#13;\n<\/p>\n<h2>Wizy b\u0119d\u0105 dro\u017csze<\/h2>\n<p>&#13;<br \/>\nOd 1\u00a0czerwca obowi\u0105zuje nowy cennik za\u00a0wiz\u0119 Schengen. Jest to\u00a0wiza,&#8230;<\/p>\n<\/div>\n<p><br \/>\n<br \/><a href=\"https:\/\/podroze.wprost.pl\/amp\/11715910\/wizy-schengen-beda-drozsze-unia-europejska-podnosi-ceny.html\">\u0179r\u00f3d\u0142o<\/a><\/p>\n","protected":false},"excerpt":{"rendered":"<p>Komisja Europejska podj\u0119\u0142a wa\u017cn\u0105 dla\u00a0turyst\u00f3w decyzj\u0119. Od\u00a01 czerwca wizy Schengen b\u0119d\u0105 kosztowa\u0142y wi\u0119cej. Powodem ma\u00a0by\u0107 inflacja w\u00a0pa\u0144stwach cz\u0142onkowskich. &#13; Komisja Europejska potwierdzi\u0142a, \u017ce\u00a0koszt wizy Schengen wzro\u015bnie od\u00a0czerwca 2024 roku. Win\u0105 za\u00a0taki stan rzeczy obarczana jest rosn\u0105ca inflacja w\u00a0krajach nale\u017c\u0105cych do\u00a0Unii Europejskiej. Ile zap\u0142ac\u0105 tury\u015bci wed\u0142ug nowej taryfy? Wzrost ma\u00a0osi\u0105gn\u0105\u0107 nawet 12 procent. &#13; Wizy b\u0119d\u0105 [&hellip;]<\/p>\n","protected":false},"author":2,"featured_media":0,"comment_status":"closed","ping_status":"closed","sticky":false,"template":"","format":"standard","meta":{"footnotes":""},"categories":[1197],"tags":[],"class_list":{"0":"post-9557","1":"post","2":"type-post","3":"status-publish","4":"format-standard","6":"category-travel-pl"},"_links":{"self":[{"href":"https:\/\/eunewsroom.com\/pl\/wp-json\/wp\/v2\/posts\/9557","targetHints":{"allow":["GET"]}}],"collection":[{"href":"https:\/\/eunewsroom.com\/pl\/wp-json\/wp\/v2\/posts"}],"about":[{"href":"https:\/\/eunewsroom.com\/pl\/wp-json\/wp\/v2\/types\/post"}],"author":[{"embeddable":true,"href":"https:\/\/eunewsroom.com\/pl\/wp-json\/wp\/v2\/users\/2"}],"replies":[{"embeddable":true,"href":"https:\/\/eunewsroom.com\/pl\/wp-json\/wp\/v2\/comments?post=9557"}],"version-history":[{"count":0,"href":"https:\/\/eunewsroom.com\/pl\/wp-json\/wp\/v2\/posts\/9557\/revisions"}],"wp:attachment":[{"href":"https:\/\/eunewsroom.com\/pl\/wp-json\/wp\/v2\/media?parent=9557"}],"wp:term":[{"taxonomy":"category","embeddable":true,"href":"https:\/\/eunewsroom.com\/pl\/wp-json\/wp\/v2\/categories?post=9557"},{"taxonomy":"post_tag","embeddable":true,"href":"https:\/\/eunewsroom.com\/pl\/wp-json\/wp\/v2\/tags?post=9557"}],"curies":[{"name":"wp","href":"https:\/\/api.w.org\/{rel}","templated":true}]}}