{"id":9556,"date":"2024-07-14T14:26:25","date_gmt":"2024-07-14T14:26:25","guid":{"rendered":"https:\/\/eunewsroom.com\/zelenski-w-brukseli-unia-europejska-podpisala-z-ukraina-umowe-o-bezpieczenstwie\/"},"modified":"2024-07-14T14:26:25","modified_gmt":"2024-07-14T14:26:25","slug":"zelenski-w-brukseli-unia-europejska-podpisala-z-ukraina-umowe-o-bezpieczenstwie","status":"publish","type":"post","link":"https:\/\/eunewsroom.com\/pl\/zelenski-w-brukseli-unia-europejska-podpisala-z-ukraina-umowe-o-bezpieczenstwie\/","title":{"rendered":"Ze\u0142enski w Brukseli. Unia Europejska podpisa\u0142a z Ukrain\u0105 umow\u0119 o bezpiecze\u0144stwie"},"content":{"rendered":"<p> <br \/>\n<\/p>\n<div data-mrf-section=\"Article \/ Body\" data-gtm-section=\"page:article\/section:body\">\n<div class=\"articleBodyBlock\" id=\"block-id-45b3c5cc-4216-482e-bfef-c10fd2c21db1\">\n<div data-mrf-placement=\"ReadMore 1\" data-gtm-placement=\"type:content\/position:1\/set:manual\" class=\"content--excerpt clear-both last\">\n<div class=\"article\">\n<div class=\"w-27 sm:w-36 md:w-48\">\n<a data-gtm-trigger=\"image\" href=\"https:\/\/www.rp.pl\/swiat\/art40717861-wojna-rosji-z-ukraina-dzien-855\" class=\"contentLink\">\n<picture><source media=\"(min-width: 489px)\" srcset=\"data:image\/svg+xml,%3Csvg%20xmlns=\" http:=\"\" data-srcset=\"https:\/\/i.gremicdn.pl\/image\/free\/921e67387e9e1f8789a3de6bc0000585\/ukrainscy-zolnierze-w-czasie-spotkania-z-glownodowodzacym-ukrainska-armia-gen-oleksandrem-syrskim?t=crop:1235:766:nowe:0:19,resize:fill:192:120,enlarge:1 1x,https:\/\/i.gremicdn.pl\/image\/free\/921e67387e9e1f8789a3de6bc0000585\/ukrainscy-zolnierze-w-czasie-spotkania-z-glownodowodzacym-ukrainska-armia-gen-oleksandrem-syrskim?t=crop:1235:766:nowe:0:19,resize:fill:384:240,enlarge:1 2x\"><img loading=\"lazy\" loading=\"lazy\" decoding=\"async\" src=\"https:\/\/i.gremicdn.pl\/image\/free\/921e67387e9e1f8789a3de6bc0000585\/ukrainscy-zolnierze-w-czasie-spotkania-z-glownodowodzacym-ukrainska-armia-gen-oleksandrem-syrskim?t=crop:804:804:nowe:216:0,resize:fill:108:108,enlarge:1\" srcset=\"https:\/\/i.gremicdn.pl\/image\/free\/921e67387e9e1f8789a3de6bc0000585\/ukrainscy-zolnierze-w-czasie-spotkania-z-glownodowodzacym-ukrainska-armia-gen-oleksandrem-syrskim?t=crop:804:804:nowe:216:0,resize:fill:216:216,enlarge:1 2x\" alt=\"Ukrai\u0144scy \u017co\u0142nierze w czasie spotkania z g\u0142\u00f3wnodowodz\u0105cym ukrai\u0144sk\u0105 armi\u0105 gen. O\u0142eksandrem Syrskim\" class=\"has--dimensions  lazyLoad\" width=\"108\" height=\"108\"\/><br \/>\n<\/source><\/picture>\n<\/a>\n<\/div>\n<div class=\"flex-1\">\n<div class=\"article--featured--text \">\n<p><a data-gtm-trigger=\"title\" class=\"contentLink t--60 line-clamp-4 sm:line-clamp-3 xl:line-clamp-2\" href=\"https:\/\/www.rp.pl\/swiat\/art40717861-wojna-rosji-z-ukraina-dzien-855\"><br \/>\nWojna Rosji z Ukrain\u0105. Dzie\u0144 855<br \/>\n<\/a><\/p>\n<div class=\"hidden md:block\">\n<p class=\"line-clamp-2 lead--30 text-gray-50\">\n24 lutego 2022 roku Rosja rozpocz\u0119\u0142a pe\u0142nowymiarow\u0105 inwazj\u0119 na Ukrain\u0119. W nocy Ukraina by\u0142a obiektem ataku rakietowego, cele na Ukrainie atakowa\u0142y te\u017c liczne rosyjskie drony.\n<\/p>\n<\/div>\n<\/div>\n<\/div>\n<\/div>\n<\/div>\n<\/div>\n<p class=\"articleBodyBlock article--paragraph\" id=\"block-id-2EU77aKcau\">\nW czwartek w Brukseli rozpocz\u0105\u0142 si\u0119 dwudniowy szczyt przyw\u00f3dc\u00f3w pa\u0144stw Unii Europejskiej &#8211; pierwsze takie oficjalne spotkanie po wyborach do Parlamentu Europejskiego z 6-9 czerwca. Na miejsce przyby\u0142 te\u017c prezydent Ukrainy Wo\u0142odymyr Ze\u0142enski.\n<\/p>\n<h2 class=\"articleBodyBlock article--header\" id=\"block-id-nnyBgxENp_\">\nUE podpisa\u0142a z Ukrain\u0105 umow\u0119 o bezpiecze\u0144stwie<br \/>\n<\/h2>\n<p class=\"articleBodyBlock article--paragraph\" id=\"block-id-qdslBqDfDN\">\nUnia Europejska zawar\u0142a z Ukrain\u0105&#8230;<\/p>\n<\/div>\n<p><br \/>\n<br \/><a href=\"https:\/\/www.rp.pl\/polityka\/art40722591-zelenski-w-brukseli-unia-europejska-podpisala-z-ukraina-umowe-o-bezpieczenstwie\">\u0179r\u00f3d\u0142o<\/a><\/p>\n","protected":false},"excerpt":{"rendered":"<p>Wojna Rosji z Ukrain\u0105. Dzie\u0144 855 24 lutego 2022 roku Rosja rozpocz\u0119\u0142a pe\u0142nowymiarow\u0105 inwazj\u0119 na Ukrain\u0119. W nocy Ukraina by\u0142a obiektem ataku rakietowego, cele na Ukrainie atakowa\u0142y te\u017c liczne rosyjskie drony. W czwartek w Brukseli rozpocz\u0105\u0142 si\u0119 dwudniowy szczyt przyw\u00f3dc\u00f3w pa\u0144stw Unii Europejskiej &#8211; pierwsze takie oficjalne spotkanie po wyborach do Parlamentu Europejskiego z 6-9 [&hellip;]<\/p>\n","protected":false},"author":2,"featured_media":0,"comment_status":"closed","ping_status":"closed","sticky":false,"template":"","format":"standard","meta":{"footnotes":""},"categories":[1191],"tags":[],"class_list":{"0":"post-9556","1":"post","2":"type-post","3":"status-publish","4":"format-standard","6":"category-politics-pl"},"_links":{"self":[{"href":"https:\/\/eunewsroom.com\/pl\/wp-json\/wp\/v2\/posts\/9556","targetHints":{"allow":["GET"]}}],"collection":[{"href":"https:\/\/eunewsroom.com\/pl\/wp-json\/wp\/v2\/posts"}],"about":[{"href":"https:\/\/eunewsroom.com\/pl\/wp-json\/wp\/v2\/types\/post"}],"author":[{"embeddable":true,"href":"https:\/\/eunewsroom.com\/pl\/wp-json\/wp\/v2\/users\/2"}],"replies":[{"embeddable":true,"href":"https:\/\/eunewsroom.com\/pl\/wp-json\/wp\/v2\/comments?post=9556"}],"version-history":[{"count":0,"href":"https:\/\/eunewsroom.com\/pl\/wp-json\/wp\/v2\/posts\/9556\/revisions"}],"wp:attachment":[{"href":"https:\/\/eunewsroom.com\/pl\/wp-json\/wp\/v2\/media?parent=9556"}],"wp:term":[{"taxonomy":"category","embeddable":true,"href":"https:\/\/eunewsroom.com\/pl\/wp-json\/wp\/v2\/categories?post=9556"},{"taxonomy":"post_tag","embeddable":true,"href":"https:\/\/eunewsroom.com\/pl\/wp-json\/wp\/v2\/tags?post=9556"}],"curies":[{"name":"wp","href":"https:\/\/api.w.org\/{rel}","templated":true}]}}