{"id":9555,"date":"2024-07-14T14:26:23","date_gmt":"2024-07-14T14:26:23","guid":{"rendered":"https:\/\/eunewsroom.com\/to-rewolucja-unia-wziela-sie-za-nieruchomosci-poczujemy-to-w-portfelach\/"},"modified":"2024-07-14T14:26:23","modified_gmt":"2024-07-14T14:26:23","slug":"to-rewolucja-unia-wziela-sie-za-nieruchomosci-poczujemy-to-w-portfelach","status":"publish","type":"post","link":"https:\/\/eunewsroom.com\/pl\/to-rewolucja-unia-wziela-sie-za-nieruchomosci-poczujemy-to-w-portfelach\/","title":{"rendered":"&#8222;To rewolucja&#8221;. Unia wzi\u0119\u0142a si\u0119 za nieruchomo\u015bci. Poczujemy to w portfelach"},"content":{"rendered":"<p> <br \/>\n<\/p>\n<div id=\"\">\n<div class=\"sc-1mskw74-0 sc-7eqdwf-0 sc-1fanasd-0 bbIjFG sc-1kwzqcy-0 ckLauT\">\n<p>W marcu ma doj\u015b\u0107 do ostatecznego g\u0142osowania <a href=\"https:\/\/wiadomosci.wp.pl\/parlament-europejski-pe-6120411611788929c\" rel=\"seolink\">Parlamentu Europejskiego<\/a> nad nowelizacj\u0105 dyrektywy o\u00a0charakterystyce energetycznej budynk\u00f3w (EPBD).<strong> W\u00a0praktyce oznacza to prze\u0142omowe zmiany dla budownictwa w\u00a0ca\u0142ej UE.<\/strong> Od 2030 r., wszyscy inwestorzy b\u0119d\u0105 zobowi\u0105zani do budowy wy\u0142\u0105cznie zeroemisyjnych budynk\u00f3w.<\/p>\n<\/div>\n<div class=\"sc-1mskw74-0 sc-7eqdwf-0 sc-1fanasd-0 bbIjFG sc-1kwzqcy-0 ckLauT\">\n<p>Nieformalne porozumienie w\u00a0tej sprawie zosta\u0142o przyj\u0119te pod koniec 2023 r. Ju\u017c w\u00a0tym roku zosta\u0142o ono oficjalnie zatwierdzone podczas posiedzenia Komisji Przemys\u0142u, Bada\u0144 Naukowych i\u00a0Energii (ITRE) Parlamentu Europejskiego. Teraz nowelizacja dyrektywy zosta\u0142a&#8230;<\/p>\n<\/div>\n<\/div>\n<p><br \/>\n<br \/><a href=\"https:\/\/www.money.pl\/gospodarka\/to-rewolucja-unia-wziela-sie-za-nieruchomosci-poczujemy-to-w-portfelach-6988240100727680a.html\">\u0179r\u00f3d\u0142o<\/a><\/p>\n","protected":false},"excerpt":{"rendered":"<p>W marcu ma doj\u015b\u0107 do ostatecznego g\u0142osowania Parlamentu Europejskiego nad nowelizacj\u0105 dyrektywy o\u00a0charakterystyce energetycznej budynk\u00f3w (EPBD). W\u00a0praktyce oznacza to prze\u0142omowe zmiany dla budownictwa w\u00a0ca\u0142ej UE. Od 2030 r., wszyscy inwestorzy b\u0119d\u0105 zobowi\u0105zani do budowy wy\u0142\u0105cznie zeroemisyjnych budynk\u00f3w. Nieformalne porozumienie w\u00a0tej sprawie zosta\u0142o przyj\u0119te pod koniec 2023 r. Ju\u017c w\u00a0tym roku zosta\u0142o ono oficjalnie zatwierdzone podczas [&hellip;]<\/p>\n","protected":false},"author":2,"featured_media":0,"comment_status":"closed","ping_status":"closed","sticky":false,"template":"","format":"standard","meta":{"footnotes":""},"categories":[1186],"tags":[],"class_list":{"0":"post-9555","1":"post","2":"type-post","3":"status-publish","4":"format-standard","6":"category-real-estate-pl"},"_links":{"self":[{"href":"https:\/\/eunewsroom.com\/pl\/wp-json\/wp\/v2\/posts\/9555","targetHints":{"allow":["GET"]}}],"collection":[{"href":"https:\/\/eunewsroom.com\/pl\/wp-json\/wp\/v2\/posts"}],"about":[{"href":"https:\/\/eunewsroom.com\/pl\/wp-json\/wp\/v2\/types\/post"}],"author":[{"embeddable":true,"href":"https:\/\/eunewsroom.com\/pl\/wp-json\/wp\/v2\/users\/2"}],"replies":[{"embeddable":true,"href":"https:\/\/eunewsroom.com\/pl\/wp-json\/wp\/v2\/comments?post=9555"}],"version-history":[{"count":0,"href":"https:\/\/eunewsroom.com\/pl\/wp-json\/wp\/v2\/posts\/9555\/revisions"}],"wp:attachment":[{"href":"https:\/\/eunewsroom.com\/pl\/wp-json\/wp\/v2\/media?parent=9555"}],"wp:term":[{"taxonomy":"category","embeddable":true,"href":"https:\/\/eunewsroom.com\/pl\/wp-json\/wp\/v2\/categories?post=9555"},{"taxonomy":"post_tag","embeddable":true,"href":"https:\/\/eunewsroom.com\/pl\/wp-json\/wp\/v2\/tags?post=9555"}],"curies":[{"name":"wp","href":"https:\/\/api.w.org\/{rel}","templated":true}]}}