{"id":9551,"date":"2024-07-14T14:26:16","date_gmt":"2024-07-14T14:26:16","guid":{"rendered":"https:\/\/eunewsroom.com\/powyborcza-ukladanka-w-unii-europejskiej-w-tej-podrozy-zapialbym-pasy\/"},"modified":"2024-07-14T14:26:16","modified_gmt":"2024-07-14T14:26:16","slug":"powyborcza-ukladanka-w-unii-europejskiej-w-tej-podrozy-zapialbym-pasy","status":"publish","type":"post","link":"https:\/\/eunewsroom.com\/pl\/powyborcza-ukladanka-w-unii-europejskiej-w-tej-podrozy-zapialbym-pasy\/","title":{"rendered":"Powyborcza uk\u0142adanka w Unii Europejskiej. &#8222;W tej podr\u00f3\u017cy zapi\u0105\u0142bym pasy&#8221;"},"content":{"rendered":"<p> <br \/>\n<\/p>\n<div>\n<div class=\"article-element article-element--lead_text\">\n<p class=\"lead-text\">Po wyborach do Parlamentu Europejskiego ruszy\u0142a gie\u0142da nazwisk do obsadzenia najwa\u017cniejszych stanowisk w UE. Uk\u0142adanka trudna, bo musi uwzgl\u0119dnia\u0107 interesy narodowe i partyjne. A czasu coraz mniej, bo ju\u017c 1 lipca prezydencj\u0119 w Unii Europejskiej obejmuj\u0105 W\u0119gry. I mo\u017cna si\u0119 obawia\u0107, \u017ce Viktor Orban chcia\u0142by utrudni\u0107 wybory na kluczowe unijne stanowiska.\u00a0<\/p>\n<\/div>\n<div class=\"article-element article-element--paragraph\">\n<p class=\"paragraph\"><span>W uk\u0142adance kandydat\u00f3w na najwa\u017cniejsze unijne posady musi zgadza\u0107 si\u0119 ich narodowo\u015b\u0107, przynale\u017cno\u015b\u0107 partyjna, a nawet p\u0142e\u0107. Nieoficjalnie obsada czterech najwa\u017cniejszych stanowisk jest ju\u017c uzgodniona.<\/span><\/p>\n<\/div>\n<div class=\"article-element article-element--paragraph\"><p...<\/span><\/p>\n<\/div>\n<\/div>\n<p><br \/>\n<br \/><a href=\"https:\/\/fakty.tvn24.pl\/fakty-o-swiecie\/powyborcza-ukladanka-w-unii-europejskiej-w-tej-podrozy-zapialbym-pasy-st7962074\">\u0179r\u00f3d\u0142o<\/a><\/p>\n","protected":false},"excerpt":{"rendered":"<p>Po wyborach do Parlamentu Europejskiego ruszy\u0142a gie\u0142da nazwisk do obsadzenia najwa\u017cniejszych stanowisk w UE. Uk\u0142adanka trudna, bo musi uwzgl\u0119dnia\u0107 interesy narodowe i partyjne. A czasu coraz mniej, bo ju\u017c 1 lipca prezydencj\u0119 w Unii Europejskiej obejmuj\u0105 W\u0119gry. I mo\u017cna si\u0119 obawia\u0107, \u017ce Viktor Orban chcia\u0142by utrudni\u0107 wybory na kluczowe unijne stanowiska.\u00a0 W uk\u0142adance kandydat\u00f3w na [&hellip;]<\/p>\n","protected":false},"author":2,"featured_media":0,"comment_status":"closed","ping_status":"closed","sticky":false,"template":"","format":"standard","meta":{"footnotes":""},"categories":[1197],"tags":[],"class_list":{"0":"post-9551","1":"post","2":"type-post","3":"status-publish","4":"format-standard","6":"category-travel-pl"},"_links":{"self":[{"href":"https:\/\/eunewsroom.com\/pl\/wp-json\/wp\/v2\/posts\/9551","targetHints":{"allow":["GET"]}}],"collection":[{"href":"https:\/\/eunewsroom.com\/pl\/wp-json\/wp\/v2\/posts"}],"about":[{"href":"https:\/\/eunewsroom.com\/pl\/wp-json\/wp\/v2\/types\/post"}],"author":[{"embeddable":true,"href":"https:\/\/eunewsroom.com\/pl\/wp-json\/wp\/v2\/users\/2"}],"replies":[{"embeddable":true,"href":"https:\/\/eunewsroom.com\/pl\/wp-json\/wp\/v2\/comments?post=9551"}],"version-history":[{"count":0,"href":"https:\/\/eunewsroom.com\/pl\/wp-json\/wp\/v2\/posts\/9551\/revisions"}],"wp:attachment":[{"href":"https:\/\/eunewsroom.com\/pl\/wp-json\/wp\/v2\/media?parent=9551"}],"wp:term":[{"taxonomy":"category","embeddable":true,"href":"https:\/\/eunewsroom.com\/pl\/wp-json\/wp\/v2\/categories?post=9551"},{"taxonomy":"post_tag","embeddable":true,"href":"https:\/\/eunewsroom.com\/pl\/wp-json\/wp\/v2\/tags?post=9551"}],"curies":[{"name":"wp","href":"https:\/\/api.w.org\/{rel}","templated":true}]}}