{"id":9549,"date":"2024-07-14T14:26:09","date_gmt":"2024-07-14T14:26:09","guid":{"rendered":"https:\/\/eunewsroom.com\/ue-juz-w-marcu-nalozy-nowy-obowiazek-na-wlascicieli-nieruchomosci\/"},"modified":"2024-07-14T14:26:09","modified_gmt":"2024-07-14T14:26:09","slug":"ue-juz-w-marcu-nalozy-nowy-obowiazek-na-wlascicieli-nieruchomosci","status":"publish","type":"post","link":"https:\/\/eunewsroom.com\/pl\/ue-juz-w-marcu-nalozy-nowy-obowiazek-na-wlascicieli-nieruchomosci\/","title":{"rendered":"UE ju\u017c w marcu na\u0142o\u017cy nowy obowi\u0105zek na w\u0142a\u015bcicieli nieruchomo\u015bci"},"content":{"rendered":"<p> <br \/>\n<\/p>\n<p data-section=\"detail-body\">Paszporty energetyczne, to jednak niejedyna zmiana, kt\u00f3ra czeka w\u0142a\u015bcicieli nieruchomo\u015bci. Domy b\u0119d\u0105 mia\u0142y r\u00f3wnie\u017c wystawiane oceny, to znaczy b\u0119d\u0105 segregowane na klasy energetyczne, na wz\u00f3r sprz\u0119t\u00f3w AGD.<\/p>\n<div>\n<p class=\"article-p\" data-section=\"detail-body\">Plany Unii Europejskiej s\u0105 bardzo ambitne. Bruksela d\u0105\u017cy bowiem do tego, \u017ceby do 2028 r. wszystkie nowe domy by\u0142y zeroemisyjne. Co to oznacza? Nie b\u0119d\u0105 mog\u0142y produkowa\u0107 dwutlenku&#8230;<\/p>\n<\/div>\n<p><br \/>\n<br \/><a href=\"https:\/\/www.fakt.pl\/pieniadze\/ue-juz-w-marcu-nalozy-nowy-obowiazek-na-wlascicieli-nieruchomosci\/kwvtvtt\">\u0179r\u00f3d\u0142o<\/a><\/p>\n","protected":false},"excerpt":{"rendered":"<p>Paszporty energetyczne, to jednak niejedyna zmiana, kt\u00f3ra czeka w\u0142a\u015bcicieli nieruchomo\u015bci. Domy b\u0119d\u0105 mia\u0142y r\u00f3wnie\u017c wystawiane oceny, to znaczy b\u0119d\u0105 segregowane na klasy energetyczne, na wz\u00f3r sprz\u0119t\u00f3w AGD. Plany Unii Europejskiej s\u0105 bardzo ambitne. Bruksela d\u0105\u017cy bowiem do tego, \u017ceby do 2028 r. wszystkie nowe domy by\u0142y zeroemisyjne. Co to oznacza? Nie b\u0119d\u0105 mog\u0142y produkowa\u0107 dwutlenku&#8230; [&hellip;]<\/p>\n","protected":false},"author":2,"featured_media":0,"comment_status":"closed","ping_status":"closed","sticky":false,"template":"","format":"standard","meta":{"footnotes":""},"categories":[1186],"tags":[],"class_list":{"0":"post-9549","1":"post","2":"type-post","3":"status-publish","4":"format-standard","6":"category-real-estate-pl"},"_links":{"self":[{"href":"https:\/\/eunewsroom.com\/pl\/wp-json\/wp\/v2\/posts\/9549","targetHints":{"allow":["GET"]}}],"collection":[{"href":"https:\/\/eunewsroom.com\/pl\/wp-json\/wp\/v2\/posts"}],"about":[{"href":"https:\/\/eunewsroom.com\/pl\/wp-json\/wp\/v2\/types\/post"}],"author":[{"embeddable":true,"href":"https:\/\/eunewsroom.com\/pl\/wp-json\/wp\/v2\/users\/2"}],"replies":[{"embeddable":true,"href":"https:\/\/eunewsroom.com\/pl\/wp-json\/wp\/v2\/comments?post=9549"}],"version-history":[{"count":0,"href":"https:\/\/eunewsroom.com\/pl\/wp-json\/wp\/v2\/posts\/9549\/revisions"}],"wp:attachment":[{"href":"https:\/\/eunewsroom.com\/pl\/wp-json\/wp\/v2\/media?parent=9549"}],"wp:term":[{"taxonomy":"category","embeddable":true,"href":"https:\/\/eunewsroom.com\/pl\/wp-json\/wp\/v2\/categories?post=9549"},{"taxonomy":"post_tag","embeddable":true,"href":"https:\/\/eunewsroom.com\/pl\/wp-json\/wp\/v2\/tags?post=9549"}],"curies":[{"name":"wp","href":"https:\/\/api.w.org\/{rel}","templated":true}]}}