{"id":9545,"date":"2024-07-14T14:26:05","date_gmt":"2024-07-14T14:26:05","guid":{"rendered":"https:\/\/eunewsroom.com\/co-moze-powstac-na-terenie-obok-ch-europa-centralna-cene-nieruchomosci-obnizono-o-kilka-milionow-zlotych-24gliwice-portal-gliwice\/"},"modified":"2024-07-14T14:26:05","modified_gmt":"2024-07-14T14:26:05","slug":"co-moze-powstac-na-terenie-obok-ch-europa-centralna-cene-nieruchomosci-obnizono-o-kilka-milionow-zlotych-24gliwice-portal-gliwice","status":"publish","type":"post","link":"https:\/\/eunewsroom.com\/pl\/co-moze-powstac-na-terenie-obok-ch-europa-centralna-cene-nieruchomosci-obnizono-o-kilka-milionow-zlotych-24gliwice-portal-gliwice\/","title":{"rendered":"Co mo\u017ce powsta\u0107 na terenie obok CH Europa Centralna? Cen\u0119 nieruchomo\u015bci obni\u017cono o kilka milion\u00f3w z\u0142otych &#8211; 24GLIWICE &#8211; Portal Gliwice"},"content":{"rendered":"<p> <br \/>\n<\/p>\n<div>\n<aside class=\"mashsb-container mashsb-main mashsb-stretched\"\/>\n<h2>Nale\u017c\u0105ce do miasta tereny inwestycyjne przy w\u0119\u017ale autostradowym w So\u015bnicy ponownie wystawiono na sprzeda\u017c. Pr\u00f3by ich zbycia podejmowane by\u0142y ju\u017c w poprzednich latach, najwyra\u017aniej nieskuteczne. W bie\u017c\u0105cym podej\u015bciu cen\u0119 wywo\u0142awcz\u0105 nieruchomo\u015bci obni\u017cono z 20 na 13 mln z\u0142. Czy teraz znajd\u0105 si\u0119 ch\u0119tni na zagospodarowanie dzia\u0142ek?<\/h2>\n<p>\u00a0<br \/>Grunty te znajduj\u0105 si\u0119 obok centrum handlowego Europa Centralna. Na nieruchomo\u015b\u0107 sk\u0142ada si\u0119 sze\u015b\u0107 dzia\u0142ek \u2013 537\/(1\/2\/3) i 538\/(1\/2\/3) w obr. Ligota Zabrska, tworz\u0105cych razem kszta\u0142t zbli\u017cony do prostok\u0105ta, o \u0142\u0105cznej&#8230;<\/p>\n<\/div>\n<p><br \/>\n<br \/><a href=\"https:\/\/www.24gliwice.pl\/wiadomosci\/?p=230281\">\u0179r\u00f3d\u0142o<\/a><\/p>\n","protected":false},"excerpt":{"rendered":"<p>Nale\u017c\u0105ce do miasta tereny inwestycyjne przy w\u0119\u017ale autostradowym w So\u015bnicy ponownie wystawiono na sprzeda\u017c. Pr\u00f3by ich zbycia podejmowane by\u0142y ju\u017c w poprzednich latach, najwyra\u017aniej nieskuteczne. W bie\u017c\u0105cym podej\u015bciu cen\u0119 wywo\u0142awcz\u0105 nieruchomo\u015bci obni\u017cono z 20 na 13 mln z\u0142. Czy teraz znajd\u0105 si\u0119 ch\u0119tni na zagospodarowanie dzia\u0142ek? \u00a0Grunty te znajduj\u0105 si\u0119 obok centrum handlowego Europa Centralna. [&hellip;]<\/p>\n","protected":false},"author":2,"featured_media":0,"comment_status":"closed","ping_status":"closed","sticky":false,"template":"","format":"standard","meta":{"footnotes":""},"categories":[1186],"tags":[],"class_list":{"0":"post-9545","1":"post","2":"type-post","3":"status-publish","4":"format-standard","6":"category-real-estate-pl"},"_links":{"self":[{"href":"https:\/\/eunewsroom.com\/pl\/wp-json\/wp\/v2\/posts\/9545","targetHints":{"allow":["GET"]}}],"collection":[{"href":"https:\/\/eunewsroom.com\/pl\/wp-json\/wp\/v2\/posts"}],"about":[{"href":"https:\/\/eunewsroom.com\/pl\/wp-json\/wp\/v2\/types\/post"}],"author":[{"embeddable":true,"href":"https:\/\/eunewsroom.com\/pl\/wp-json\/wp\/v2\/users\/2"}],"replies":[{"embeddable":true,"href":"https:\/\/eunewsroom.com\/pl\/wp-json\/wp\/v2\/comments?post=9545"}],"version-history":[{"count":0,"href":"https:\/\/eunewsroom.com\/pl\/wp-json\/wp\/v2\/posts\/9545\/revisions"}],"wp:attachment":[{"href":"https:\/\/eunewsroom.com\/pl\/wp-json\/wp\/v2\/media?parent=9545"}],"wp:term":[{"taxonomy":"category","embeddable":true,"href":"https:\/\/eunewsroom.com\/pl\/wp-json\/wp\/v2\/categories?post=9545"},{"taxonomy":"post_tag","embeddable":true,"href":"https:\/\/eunewsroom.com\/pl\/wp-json\/wp\/v2\/tags?post=9545"}],"curies":[{"name":"wp","href":"https:\/\/api.w.org\/{rel}","templated":true}]}}