{"id":9544,"date":"2024-07-14T14:26:05","date_gmt":"2024-07-14T14:26:05","guid":{"rendered":"https:\/\/eunewsroom.com\/polska-od-20-w-unii-europejskiej-co-zawdzieczamy-czlonkostwu\/"},"modified":"2024-07-14T14:26:05","modified_gmt":"2024-07-14T14:26:05","slug":"polska-od-20-w-unii-europejskiej-co-zawdzieczamy-czlonkostwu","status":"publish","type":"post","link":"https:\/\/eunewsroom.com\/pl\/polska-od-20-w-unii-europejskiej-co-zawdzieczamy-czlonkostwu\/","title":{"rendered":"Polska od 20 w Unii Europejskiej. Co zawdzi\u0119czamy cz\u0142onkostwu?"},"content":{"rendered":"<p> <br \/>\n<\/p>\n<p part=\"Paragraph TextBox\" data-paragraph=\"\">Polska jest cz\u0142onkiem Unii Europejskiej od 1 maja 2004 roku. Wraz z Cyprem, Czechami, Estoni\u0105, \u0141otw\u0105, Litw\u0105, Malt\u0105, S\u0142owacj\u0105, S\u0142oweni\u0105, W\u0119grami wst\u0105pi\u0142a do Unii Europejskiej. By\u0142o to najwi\u0119ksze w historii rozszerzenie wsp\u00f3lnoty. Dla naszego kraju by\u0142o to jedno z najwa\u017cniejszych wydarze\u0144 po 1989 roku. <\/p>\n<p part=\"Paragraph TextBox\" data-paragraph=\"\">Przypadaj\u0105ca 1 maja 20. rocznica budzi wspomnienia. Zw\u0142aszcza w\u015br\u00f3d tych, kt\u00f3rzy do tej zmiany bezpo\u015brednio si\u0119 przyczynili. <\/p>\n<p part=\"Paragraph TextBox\" data-paragraph=\"\"><strong>&#8211; Sukces wej\u015bcia Polski do UE to zas\u0142uga wielu os\u00f3b i entuzjast\u00f3w. To nie by\u0142a grupa os\u00f3b, kt\u00f3ra by\u0142a starymi urz\u0119dnikami<\/strong>. To by\u0142&#8230;<\/p>\n<p><br \/>\n<br \/><a href=\"https:\/\/dziendobry.tvn.pl\/newsy\/polska-od-20-w-unii-europejskiej-co-zawdzieczamy-czlonkostwu-st7895328\">\u0179r\u00f3d\u0142o<\/a><\/p>\n","protected":false},"excerpt":{"rendered":"<p>Polska jest cz\u0142onkiem Unii Europejskiej od 1 maja 2004 roku. Wraz z Cyprem, Czechami, Estoni\u0105, \u0141otw\u0105, Litw\u0105, Malt\u0105, S\u0142owacj\u0105, S\u0142oweni\u0105, W\u0119grami wst\u0105pi\u0142a do Unii Europejskiej. By\u0142o to najwi\u0119ksze w historii rozszerzenie wsp\u00f3lnoty. Dla naszego kraju by\u0142o to jedno z najwa\u017cniejszych wydarze\u0144 po 1989 roku. Przypadaj\u0105ca 1 maja 20. rocznica budzi wspomnienia. Zw\u0142aszcza w\u015br\u00f3d tych, kt\u00f3rzy [&hellip;]<\/p>\n","protected":false},"author":2,"featured_media":0,"comment_status":"closed","ping_status":"closed","sticky":false,"template":"","format":"standard","meta":{"footnotes":""},"categories":[1194],"tags":[],"class_list":{"0":"post-9544","1":"post","2":"type-post","3":"status-publish","4":"format-standard","6":"category-lifestyle-pl"},"_links":{"self":[{"href":"https:\/\/eunewsroom.com\/pl\/wp-json\/wp\/v2\/posts\/9544","targetHints":{"allow":["GET"]}}],"collection":[{"href":"https:\/\/eunewsroom.com\/pl\/wp-json\/wp\/v2\/posts"}],"about":[{"href":"https:\/\/eunewsroom.com\/pl\/wp-json\/wp\/v2\/types\/post"}],"author":[{"embeddable":true,"href":"https:\/\/eunewsroom.com\/pl\/wp-json\/wp\/v2\/users\/2"}],"replies":[{"embeddable":true,"href":"https:\/\/eunewsroom.com\/pl\/wp-json\/wp\/v2\/comments?post=9544"}],"version-history":[{"count":0,"href":"https:\/\/eunewsroom.com\/pl\/wp-json\/wp\/v2\/posts\/9544\/revisions"}],"wp:attachment":[{"href":"https:\/\/eunewsroom.com\/pl\/wp-json\/wp\/v2\/media?parent=9544"}],"wp:term":[{"taxonomy":"category","embeddable":true,"href":"https:\/\/eunewsroom.com\/pl\/wp-json\/wp\/v2\/categories?post=9544"},{"taxonomy":"post_tag","embeddable":true,"href":"https:\/\/eunewsroom.com\/pl\/wp-json\/wp\/v2\/tags?post=9544"}],"curies":[{"name":"wp","href":"https:\/\/api.w.org\/{rel}","templated":true}]}}