{"id":9543,"date":"2024-07-14T14:26:04","date_gmt":"2024-07-14T14:26:04","guid":{"rendered":"https:\/\/eunewsroom.com\/technologia-eksport-flota-putina-jest-kolejny-pakiet-unijnych-sankcji\/"},"modified":"2024-07-14T14:26:04","modified_gmt":"2024-07-14T14:26:04","slug":"technologia-eksport-flota-putina-jest-kolejny-pakiet-unijnych-sankcji","status":"publish","type":"post","link":"https:\/\/eunewsroom.com\/pl\/technologia-eksport-flota-putina-jest-kolejny-pakiet-unijnych-sankcji\/","title":{"rendered":"Technologia, eksport, flota Putina. Jest kolejny pakiet unijnych sankcji"},"content":{"rendered":"<p> <br \/>\n<\/p>\n<div>\n<div class=\"article-element article-element--lead_text\">\n<p class=\"lead-text\">Pa\u0144stwa cz\u0142onkowskie Unii Europejskiej uzgodni\u0142y w czwartek 14. pakiet sankcji wobec Rosji. To wynik trwaj\u0105cych od miesi\u0119cy negocjacji. Nowe obostrzenia maj\u0105 utrudni\u0107 Kremlowi dost\u0119p do technologii i ograniczy\u0107 jego przychody z eksportu surowc\u00f3w energetycznych &#8211; poinformowa\u0142a przewodnicz\u0105ca Komisji Europejskiej Ursula von der Leyen.<\/p>\n<\/div>\n<p><span class=\"placeholder-wrapper\"\/><\/p>\n<div class=\"article-element article-element--paragraph\">\n<p class=\"paragraph\"><span>Ostatecznie now\u0105 transz\u0119 obostrze\u0144 na <a href=\"https:\/\/tvn24.pl\/tagi\/rosja\" target=\"_blank\" data-salt=\"1\" rel=\"noopener\">Rosj\u0119<\/a> maj\u0105 zaakceptowa\u0107 ministrowie spraw zagranicznych na posiedzeniu w Luksemburgu, zaplanowanym na 24 czerwca. W\u00f3wczas te\u017c zostanie opublikowany ostateczny kszta\u0142t porozumienia wypracowanego pomi\u0119dzy&#8230;<\/span><\/p>\n<\/div>\n<\/div>\n<p><br \/>\n<br \/><a href=\"https:\/\/tvn24.pl\/swiat\/technologia-eksport-flota-putina-jest-kolejny-pakiet-unijnych-sankcji-st7971320\">\u0179r\u00f3d\u0142o<\/a><\/p>\n","protected":false},"excerpt":{"rendered":"<p>Pa\u0144stwa cz\u0142onkowskie Unii Europejskiej uzgodni\u0142y w czwartek 14. pakiet sankcji wobec Rosji. To wynik trwaj\u0105cych od miesi\u0119cy negocjacji. Nowe obostrzenia maj\u0105 utrudni\u0107 Kremlowi dost\u0119p do technologii i ograniczy\u0107 jego przychody z eksportu surowc\u00f3w energetycznych &#8211; poinformowa\u0142a przewodnicz\u0105ca Komisji Europejskiej Ursula von der Leyen. Ostatecznie now\u0105 transz\u0119 obostrze\u0144 na Rosj\u0119 maj\u0105 zaakceptowa\u0107 ministrowie spraw zagranicznych na [&hellip;]<\/p>\n","protected":false},"author":2,"featured_media":0,"comment_status":"closed","ping_status":"closed","sticky":false,"template":"","format":"standard","meta":{"footnotes":""},"categories":[1187],"tags":[],"class_list":{"0":"post-9543","1":"post","2":"type-post","3":"status-publish","4":"format-standard","6":"category-technology-pl"},"_links":{"self":[{"href":"https:\/\/eunewsroom.com\/pl\/wp-json\/wp\/v2\/posts\/9543","targetHints":{"allow":["GET"]}}],"collection":[{"href":"https:\/\/eunewsroom.com\/pl\/wp-json\/wp\/v2\/posts"}],"about":[{"href":"https:\/\/eunewsroom.com\/pl\/wp-json\/wp\/v2\/types\/post"}],"author":[{"embeddable":true,"href":"https:\/\/eunewsroom.com\/pl\/wp-json\/wp\/v2\/users\/2"}],"replies":[{"embeddable":true,"href":"https:\/\/eunewsroom.com\/pl\/wp-json\/wp\/v2\/comments?post=9543"}],"version-history":[{"count":0,"href":"https:\/\/eunewsroom.com\/pl\/wp-json\/wp\/v2\/posts\/9543\/revisions"}],"wp:attachment":[{"href":"https:\/\/eunewsroom.com\/pl\/wp-json\/wp\/v2\/media?parent=9543"}],"wp:term":[{"taxonomy":"category","embeddable":true,"href":"https:\/\/eunewsroom.com\/pl\/wp-json\/wp\/v2\/categories?post=9543"},{"taxonomy":"post_tag","embeddable":true,"href":"https:\/\/eunewsroom.com\/pl\/wp-json\/wp\/v2\/tags?post=9543"}],"curies":[{"name":"wp","href":"https:\/\/api.w.org\/{rel}","templated":true}]}}