{"id":9540,"date":"2024-07-14T14:26:02","date_gmt":"2024-07-14T14:26:02","guid":{"rendered":"https:\/\/eunewsroom.com\/polityka-zagraniczna-skrajnych-partii-we-francji-jest-alarmujaca\/"},"modified":"2024-07-14T14:26:02","modified_gmt":"2024-07-14T14:26:02","slug":"polityka-zagraniczna-skrajnych-partii-we-francji-jest-alarmujaca","status":"publish","type":"post","link":"https:\/\/eunewsroom.com\/pl\/polityka-zagraniczna-skrajnych-partii-we-francji-jest-alarmujaca\/","title":{"rendered":"Polityka zagraniczna skrajnych partii we Francji jest alarmuj\u0105ca"},"content":{"rendered":"<p> <br \/>\n<\/p>\n<div id=\"\">\n<p>Odk\u0105d Francja powr\u00f3ci\u0142a do zintegrowanego dow\u00f3dztwa wojskowego NATO w 2009 roku, sk\u0105d wyprowadzi\u0142 j\u0105 w 1966 roku genera\u0142 Charles de Gaulle, jest jednym z najbardziej solidnych cz\u0142onk\u00f3w Sojuszu i wa\u017cnym sojusznikiem USA. Prezydent Emmanuel Macron nale\u017cy do najbardziej energicznych zwolennik\u00f3w wprowadzenia Ukrainy do NATO, obiecuje jej te\u017c szkolenie \u017co\u0142nierzy i dostarczenie my\u015bliwc\u00f3w Mirage 2000-5. &#8222;Jednak za kilka tygodni polityka zagraniczna Francji mo\u017ce wej\u015b\u0107 w okres niepewno\u015bci, a nawet turbulencji, kt\u00f3ry postawi takie zobowi\u0105zania pod znakiem&#8230;<\/p>\n<\/div>\n<p><br \/>\n<br \/><a href=\"https:\/\/www.bankier.pl\/amp\/wiadomosc\/Polityka-zagraniczna-skrajnych-partii-we-Francji-jest-alarmujaca-8774310\">\u0179r\u00f3d\u0142o<\/a><\/p>\n","protected":false},"excerpt":{"rendered":"<p>Odk\u0105d Francja powr\u00f3ci\u0142a do zintegrowanego dow\u00f3dztwa wojskowego NATO w 2009 roku, sk\u0105d wyprowadzi\u0142 j\u0105 w 1966 roku genera\u0142 Charles de Gaulle, jest jednym z najbardziej solidnych cz\u0142onk\u00f3w Sojuszu i wa\u017cnym sojusznikiem USA. Prezydent Emmanuel Macron nale\u017cy do najbardziej energicznych zwolennik\u00f3w wprowadzenia Ukrainy do NATO, obiecuje jej te\u017c szkolenie \u017co\u0142nierzy i dostarczenie my\u015bliwc\u00f3w Mirage 2000-5. &#8222;Jednak [&hellip;]<\/p>\n","protected":false},"author":2,"featured_media":0,"comment_status":"closed","ping_status":"closed","sticky":false,"template":"","format":"standard","meta":{"footnotes":""},"categories":[1191],"tags":[],"class_list":{"0":"post-9540","1":"post","2":"type-post","3":"status-publish","4":"format-standard","6":"category-politics-pl"},"_links":{"self":[{"href":"https:\/\/eunewsroom.com\/pl\/wp-json\/wp\/v2\/posts\/9540","targetHints":{"allow":["GET"]}}],"collection":[{"href":"https:\/\/eunewsroom.com\/pl\/wp-json\/wp\/v2\/posts"}],"about":[{"href":"https:\/\/eunewsroom.com\/pl\/wp-json\/wp\/v2\/types\/post"}],"author":[{"embeddable":true,"href":"https:\/\/eunewsroom.com\/pl\/wp-json\/wp\/v2\/users\/2"}],"replies":[{"embeddable":true,"href":"https:\/\/eunewsroom.com\/pl\/wp-json\/wp\/v2\/comments?post=9540"}],"version-history":[{"count":0,"href":"https:\/\/eunewsroom.com\/pl\/wp-json\/wp\/v2\/posts\/9540\/revisions"}],"wp:attachment":[{"href":"https:\/\/eunewsroom.com\/pl\/wp-json\/wp\/v2\/media?parent=9540"}],"wp:term":[{"taxonomy":"category","embeddable":true,"href":"https:\/\/eunewsroom.com\/pl\/wp-json\/wp\/v2\/categories?post=9540"},{"taxonomy":"post_tag","embeddable":true,"href":"https:\/\/eunewsroom.com\/pl\/wp-json\/wp\/v2\/tags?post=9540"}],"curies":[{"name":"wp","href":"https:\/\/api.w.org\/{rel}","templated":true}]}}