{"id":9538,"date":"2024-07-14T14:25:59","date_gmt":"2024-07-14T14:25:59","guid":{"rendered":"https:\/\/eunewsroom.com\/ursula-von-der-leyen-chce-budowac-z-tuskiem-koalicje-na-rzecz-silnej-europy-pap\/"},"modified":"2024-07-14T14:25:59","modified_gmt":"2024-07-14T14:25:59","slug":"ursula-von-der-leyen-chce-budowac-z-tuskiem-koalicje-na-rzecz-silnej-europy-pap","status":"publish","type":"post","link":"https:\/\/eunewsroom.com\/pl\/ursula-von-der-leyen-chce-budowac-z-tuskiem-koalicje-na-rzecz-silnej-europy-pap\/","title":{"rendered":"Ursula von der Leyen: chc\u0119 budowa\u0107 z Tuskiem koalicj\u0119 na rzecz silnej Europy &#8211; PAP"},"content":{"rendered":"<p> <br \/>\n<br \/><a href=\"https:\/\/news.google.com\/rss\/articles\/CBMiamh0dHBzOi8vd3d3LnBhcC5wbC9ha3R1YWxub3NjaS91cnN1bGEtdm9uLWRlci1sZXllbi1jaGNlLWJ1ZG93YWMtei10dXNraWVtLWtvYWxpY2plLW5hLXJ6ZWN6LXNpbG5lai1ldXJvcHnSAQA?oc=5\" target=\"_blank\" rel=\"noopener\">Ursula von der Leyen: chc\u0119 budowa\u0107 z Tuskiem koalicj\u0119 na rzecz silnej Europy<\/a>&nbsp;&nbsp;<font color=\"#6f6f6f\">PAP<\/font><br \/>\n<br \/><br \/>\n<br \/><a href=\"https:\/\/www.pap.pl\/aktualnosci\/ursula-von-der-leyen-chce-budowac-z-tuskiem-koalicje-na-rzecz-silnej-europy\">\u0179r\u00f3d\u0142o<\/a><\/p>\n","protected":false},"excerpt":{"rendered":"<p>Ursula von der Leyen: chc\u0119 budowa\u0107 z Tuskiem koalicj\u0119 na rzecz silnej Europy&nbsp;&nbsp;PAP \u0179r\u00f3d\u0142o<\/p>\n","protected":false},"author":2,"featured_media":0,"comment_status":"closed","ping_status":"closed","sticky":false,"template":"","format":"standard","meta":{"footnotes":""},"categories":[1194],"tags":[],"class_list":{"0":"post-9538","1":"post","2":"type-post","3":"status-publish","4":"format-standard","6":"category-lifestyle-pl"},"_links":{"self":[{"href":"https:\/\/eunewsroom.com\/pl\/wp-json\/wp\/v2\/posts\/9538","targetHints":{"allow":["GET"]}}],"collection":[{"href":"https:\/\/eunewsroom.com\/pl\/wp-json\/wp\/v2\/posts"}],"about":[{"href":"https:\/\/eunewsroom.com\/pl\/wp-json\/wp\/v2\/types\/post"}],"author":[{"embeddable":true,"href":"https:\/\/eunewsroom.com\/pl\/wp-json\/wp\/v2\/users\/2"}],"replies":[{"embeddable":true,"href":"https:\/\/eunewsroom.com\/pl\/wp-json\/wp\/v2\/comments?post=9538"}],"version-history":[{"count":0,"href":"https:\/\/eunewsroom.com\/pl\/wp-json\/wp\/v2\/posts\/9538\/revisions"}],"wp:attachment":[{"href":"https:\/\/eunewsroom.com\/pl\/wp-json\/wp\/v2\/media?parent=9538"}],"wp:term":[{"taxonomy":"category","embeddable":true,"href":"https:\/\/eunewsroom.com\/pl\/wp-json\/wp\/v2\/categories?post=9538"},{"taxonomy":"post_tag","embeddable":true,"href":"https:\/\/eunewsroom.com\/pl\/wp-json\/wp\/v2\/tags?post=9538"}],"curies":[{"name":"wp","href":"https:\/\/api.w.org\/{rel}","templated":true}]}}