{"id":9534,"date":"2024-07-14T14:25:56","date_gmt":"2024-07-14T14:25:56","guid":{"rendered":"https:\/\/eunewsroom.com\/linie-lotnicze-z-kazachstanu-znow-wleca-do-ue\/"},"modified":"2024-07-14T14:25:56","modified_gmt":"2024-07-14T14:25:56","slug":"linie-lotnicze-z-kazachstanu-znow-wleca-do-ue","status":"publish","type":"post","link":"https:\/\/eunewsroom.com\/pl\/linie-lotnicze-z-kazachstanu-znow-wleca-do-ue\/","title":{"rendered":"Linie lotnicze z Kazachstanu zn\u00f3w wlec\u0105 do UE"},"content":{"rendered":"<p> <br \/>\n<\/p>\n<div>\n<p><strong>W nowej, zaktualizowanej li\u015bcie bezpiecze\u0144stwa lotniczego Unii Europejskiej nie znalaz\u0142y si\u0119 linie lotnicze z Kazachstanu. Oznacza to, \u017ce to koniec obecno\u015bci kazachskich przewo\u017anik\u00f3w na \u201eczarnej li\u015bcie\u201d i otwiera si\u0119 przed nimi potencjalny powr\u00f3t do Europy.<\/strong><\/p>\n<div class=\"wp-block-columns\">\n<div class=\"wp-block-column\">\n<figure class=\"wp-block-image size-large is-resized\"><img decoding=\"async\" src=\"https:\/\/podrozezhubertem.pl\/wp-content\/uploads\/2024\/06\/Linie-lotnicze-z-Kazachstanu-znow-wleca-do-UE-1024x758.jpg\" alt=\"\" class=\"wp-image-156645\" height=\"530\" srcset=\"https:\/\/podrozezhubertem.pl\/wp-content\/uploads\/2024\/06\/Linie-lotnicze-z-Kazachstanu-znow-wleca-do-UE-1024x758.jpg 1024w, https:\/\/podrozezhubertem.pl\/wp-content\/uploads\/2024\/06\/Linie-lotnicze-z-Kazachstanu-znow-wleca-do-UE-300x222.jpg 300w, https:\/\/podrozezhubertem.pl\/wp-content\/uploads\/2024\/06\/Linie-lotnicze-z-Kazachstanu-znow-wleca-do-UE-768x568.jpg 768w, https:\/\/podrozezhubertem.pl\/wp-content\/uploads\/2024\/06\/Linie-lotnicze-z-Kazachstanu-znow-wleca-do-UE-1536x1137.jpg 1536w, https:\/\/podrozezhubertem.pl\/wp-content\/uploads\/2024\/06\/Linie-lotnicze-z-Kazachstanu-znow-wleca-do-UE-2048x1515.jpg 2048w, https:\/\/podrozezhubertem.pl\/wp-content\/uploads\/2024\/06\/Linie-lotnicze-z-Kazachstanu-znow-wleca-do-UE-140x104.jpg 140w\" sizes=\"(max-width: 1024px) 100vw, 1024px\"\/><\/figure>\n<p class=\"has-small-font-size\">Linie lotnicze z Kazachstanu zn\u00f3w mog\u0105 wykonywa\u0107 po\u0142\u0105czenia do Unii Europejskiej<\/p>\n<\/div>\n<div class=\"wp-block-column\">\n<p>Unia Europejska ma stworzon\u0105 swoj\u0105 tak zwan\u0105 \u201eczarn\u0105 list\u0119\u201d, czyli dokument z liniami lotniczymi, kt\u00f3re maj\u0105 ograniczony lub ca\u0142kowity zakaz wykonywania operacji lotniczych do Unii Europejskiej. Od 2009 roku na tej&#8230;<\/p>\n<\/div>\n<\/div>\n<\/div>\n<p><br \/>\n<br \/><a href=\"https:\/\/podrozezhubertem.pl\/newsy\/linie-lotnicze-z-kazachstanu-znow-moga-latac-do-unii-europejskiej\/\">\u0179r\u00f3d\u0142o<\/a><\/p>\n","protected":false},"excerpt":{"rendered":"<p>W nowej, zaktualizowanej li\u015bcie bezpiecze\u0144stwa lotniczego Unii Europejskiej nie znalaz\u0142y si\u0119 linie lotnicze z Kazachstanu. Oznacza to, \u017ce to koniec obecno\u015bci kazachskich przewo\u017anik\u00f3w na \u201eczarnej li\u015bcie\u201d i otwiera si\u0119 przed nimi potencjalny powr\u00f3t do Europy. Linie lotnicze z Kazachstanu zn\u00f3w mog\u0105 wykonywa\u0107 po\u0142\u0105czenia do Unii Europejskiej Unia Europejska ma stworzon\u0105 swoj\u0105 tak zwan\u0105 \u201eczarn\u0105 list\u0119\u201d, [&hellip;]<\/p>\n","protected":false},"author":2,"featured_media":0,"comment_status":"closed","ping_status":"closed","sticky":false,"template":"","format":"standard","meta":{"footnotes":""},"categories":[1197],"tags":[],"class_list":{"0":"post-9534","1":"post","2":"type-post","3":"status-publish","4":"format-standard","6":"category-travel-pl"},"_links":{"self":[{"href":"https:\/\/eunewsroom.com\/pl\/wp-json\/wp\/v2\/posts\/9534","targetHints":{"allow":["GET"]}}],"collection":[{"href":"https:\/\/eunewsroom.com\/pl\/wp-json\/wp\/v2\/posts"}],"about":[{"href":"https:\/\/eunewsroom.com\/pl\/wp-json\/wp\/v2\/types\/post"}],"author":[{"embeddable":true,"href":"https:\/\/eunewsroom.com\/pl\/wp-json\/wp\/v2\/users\/2"}],"replies":[{"embeddable":true,"href":"https:\/\/eunewsroom.com\/pl\/wp-json\/wp\/v2\/comments?post=9534"}],"version-history":[{"count":0,"href":"https:\/\/eunewsroom.com\/pl\/wp-json\/wp\/v2\/posts\/9534\/revisions"}],"wp:attachment":[{"href":"https:\/\/eunewsroom.com\/pl\/wp-json\/wp\/v2\/media?parent=9534"}],"wp:term":[{"taxonomy":"category","embeddable":true,"href":"https:\/\/eunewsroom.com\/pl\/wp-json\/wp\/v2\/categories?post=9534"},{"taxonomy":"post_tag","embeddable":true,"href":"https:\/\/eunewsroom.com\/pl\/wp-json\/wp\/v2\/tags?post=9534"}],"curies":[{"name":"wp","href":"https:\/\/api.w.org\/{rel}","templated":true}]}}