{"id":9533,"date":"2024-07-14T14:25:55","date_gmt":"2024-07-14T14:25:55","guid":{"rendered":"https:\/\/eunewsroom.com\/europejskie-stanowiska-dla-ko-i-pis-ewa-kopacz-bedzie-wiceszefowa-europarlamentu\/"},"modified":"2024-07-14T14:25:55","modified_gmt":"2024-07-14T14:25:55","slug":"europejskie-stanowiska-dla-ko-i-pis-ewa-kopacz-bedzie-wiceszefowa-europarlamentu","status":"publish","type":"post","link":"https:\/\/eunewsroom.com\/pl\/europejskie-stanowiska-dla-ko-i-pis-ewa-kopacz-bedzie-wiceszefowa-europarlamentu\/","title":{"rendered":"Europejskie stanowiska dla KO i PiS. Ewa Kopacz b\u0119dzie wiceszefow\u0105 europarlamentu"},"content":{"rendered":"<p> <br \/>\n<\/p>\n<div data-mrf-section=\"Article \/ Body\" data-gtm-section=\"page:article\/section:body\">\n<p class=\"articleBodyBlock article--paragraph\" id=\"block-id-_p4EPTfV3h\">\nBy\u0142a polska premier b\u0119dzie jedn\u0105 z 14 wiceprzewodnicz\u0105cych PE. To stanowisko bardziej reprezentacyjne i polityczne ni\u017c decyzyjne. Wi\u0119ksze wp\u0142ywy maj\u0105 szefowie parlamentarnych komisji, kt\u00f3rych w PE jest 24 (je\u015bli wliczy\u0107 sta\u0142e podkomisje ds. bezpiecze\u0144stwa i obrony oraz ds. zdrowia).\n<\/p>\n<p class=\"articleBodyBlock article--paragraph\" id=\"block-id-_XQEPcfhah\">\n\u2013 Europejska Partia Ludowa dostanie siedem komisji. W takim uk\u0142adzie uwa\u017cam, \u017ce dwie dla nas to by\u0142by dobry wynik \u2013 ocenia Andrzej Halicki, szef polskiej delegaci w EPL. Nieoficjalnie s\u0142yszymy, \u017ce Polacy w EPL licz\u0105 na Komisj\u0119 ds. Przemys\u0142u, Bada\u0144 Naukowych i Energii oraz na&#8230;<\/p>\n<\/div>\n<p><br \/>\n<br \/><a href=\"https:\/\/www.rp.pl\/polityka\/art40792961-europejskie-stanowiska-dla-ko-i-pis-ewa-kopacz-bedzie-wiceszefowa-europarlamentu\">\u0179r\u00f3d\u0142o<\/a><\/p>\n","protected":false},"excerpt":{"rendered":"<p>By\u0142a polska premier b\u0119dzie jedn\u0105 z 14 wiceprzewodnicz\u0105cych PE. To stanowisko bardziej reprezentacyjne i polityczne ni\u017c decyzyjne. Wi\u0119ksze wp\u0142ywy maj\u0105 szefowie parlamentarnych komisji, kt\u00f3rych w PE jest 24 (je\u015bli wliczy\u0107 sta\u0142e podkomisje ds. bezpiecze\u0144stwa i obrony oraz ds. zdrowia). \u2013 Europejska Partia Ludowa dostanie siedem komisji. W takim uk\u0142adzie uwa\u017cam, \u017ce dwie dla nas to [&hellip;]<\/p>\n","protected":false},"author":2,"featured_media":0,"comment_status":"closed","ping_status":"closed","sticky":false,"template":"","format":"standard","meta":{"footnotes":""},"categories":[1191],"tags":[],"class_list":{"0":"post-9533","1":"post","2":"type-post","3":"status-publish","4":"format-standard","6":"category-politics-pl"},"_links":{"self":[{"href":"https:\/\/eunewsroom.com\/pl\/wp-json\/wp\/v2\/posts\/9533","targetHints":{"allow":["GET"]}}],"collection":[{"href":"https:\/\/eunewsroom.com\/pl\/wp-json\/wp\/v2\/posts"}],"about":[{"href":"https:\/\/eunewsroom.com\/pl\/wp-json\/wp\/v2\/types\/post"}],"author":[{"embeddable":true,"href":"https:\/\/eunewsroom.com\/pl\/wp-json\/wp\/v2\/users\/2"}],"replies":[{"embeddable":true,"href":"https:\/\/eunewsroom.com\/pl\/wp-json\/wp\/v2\/comments?post=9533"}],"version-history":[{"count":0,"href":"https:\/\/eunewsroom.com\/pl\/wp-json\/wp\/v2\/posts\/9533\/revisions"}],"wp:attachment":[{"href":"https:\/\/eunewsroom.com\/pl\/wp-json\/wp\/v2\/media?parent=9533"}],"wp:term":[{"taxonomy":"category","embeddable":true,"href":"https:\/\/eunewsroom.com\/pl\/wp-json\/wp\/v2\/categories?post=9533"},{"taxonomy":"post_tag","embeddable":true,"href":"https:\/\/eunewsroom.com\/pl\/wp-json\/wp\/v2\/tags?post=9533"}],"curies":[{"name":"wp","href":"https:\/\/api.w.org\/{rel}","templated":true}]}}