{"id":9528,"date":"2024-07-14T14:25:50","date_gmt":"2024-07-14T14:25:50","guid":{"rendered":"https:\/\/eunewsroom.com\/ue-wciaz-nie-dla-linii-lotniczych-z-pakistanu\/"},"modified":"2024-07-14T14:25:50","modified_gmt":"2024-07-14T14:25:50","slug":"ue-wciaz-nie-dla-linii-lotniczych-z-pakistanu","status":"publish","type":"post","link":"https:\/\/eunewsroom.com\/pl\/ue-wciaz-nie-dla-linii-lotniczych-z-pakistanu\/","title":{"rendered":"UE wci\u0105\u017c nie dla linii lotniczych z Pakistanu"},"content":{"rendered":"<p> <br \/>\n<\/p>\n<div>\n<p><strong>Unia Europejska postanowi\u0142a przed\u0142u\u017cy\u0107 zakaz wykonywania operacji lotniczych i wlotu na teren sojuszu dla linii lotniczych z Pakistanu. To du\u017cy zaw\u00f3d dla przedstawicieli pakista\u0144skiego lotnictwa, ale decyzja zosta\u0142a podj\u0119ta ze wzgl\u0119d\u00f3w bezpiecze\u0144stwa.<\/strong><\/p>\n<div class=\"wp-block-columns\">\n<div class=\"wp-block-column\">\n<figure class=\"wp-block-image size-large is-resized\"><img decoding=\"async\" src=\"https:\/\/podrozezhubertem.pl\/wp-content\/uploads\/2024\/06\/UE-wciaz-nie-dla-linii-lotniczych-z-Pakistanu-576x1024.jpg\" alt=\"\" class=\"wp-image-156719\" height=\"582\" srcset=\"https:\/\/podrozezhubertem.pl\/wp-content\/uploads\/2024\/06\/UE-wciaz-nie-dla-linii-lotniczych-z-Pakistanu-576x1024.jpg 576w, https:\/\/podrozezhubertem.pl\/wp-content\/uploads\/2024\/06\/UE-wciaz-nie-dla-linii-lotniczych-z-Pakistanu-169x300.jpg 169w, https:\/\/podrozezhubertem.pl\/wp-content\/uploads\/2024\/06\/UE-wciaz-nie-dla-linii-lotniczych-z-Pakistanu-768x1365.jpg 768w, https:\/\/podrozezhubertem.pl\/wp-content\/uploads\/2024\/06\/UE-wciaz-nie-dla-linii-lotniczych-z-Pakistanu-864x1536.jpg 864w, https:\/\/podrozezhubertem.pl\/wp-content\/uploads\/2024\/06\/UE-wciaz-nie-dla-linii-lotniczych-z-Pakistanu-1152x2048.jpg 1152w, https:\/\/podrozezhubertem.pl\/wp-content\/uploads\/2024\/06\/UE-wciaz-nie-dla-linii-lotniczych-z-Pakistanu-79x140.jpg 79w, https:\/\/podrozezhubertem.pl\/wp-content\/uploads\/2024\/06\/UE-wciaz-nie-dla-linii-lotniczych-z-Pakistanu-scaled.jpg 1440w\" sizes=\"(max-width: 576px) 100vw, 576px\"\/><\/figure>\n<p class=\"has-small-font-size\">Lotnisko w Pakistanie\/ Fot: SARDAR KAMRAN KHAN, Unsplash<\/p>\n<\/div>\n<div class=\"wp-block-column\">\n<p>Bran\u017ca lotnicza w Pakistanie nie prze\u017cywa dobrego okresu. Unia Europejska w najnowszym wydaniu lotniczej \u201eczarnej listy\u201d utrzyma\u0142a obecno\u015b\u0107 Pakistanu w tym dokumencie. <strong>To znaczy, \u017ce linie lotnicze z Pakistanu wci\u0105\u017c maj\u0105 zakaz wykonywania po\u0142\u0105cze\u0144 do&#8230;<\/strong><\/p>\n<\/div>\n<\/div>\n<\/div>\n<p><br \/>\n<br \/><a href=\"https:\/\/podrozezhubertem.pl\/newsy\/unia-europejska-przedluza-zakaz-operacji-lotniczych-dla-pakistanskich-przewoznikow\/\">\u0179r\u00f3d\u0142o<\/a><\/p>\n","protected":false},"excerpt":{"rendered":"<p>Unia Europejska postanowi\u0142a przed\u0142u\u017cy\u0107 zakaz wykonywania operacji lotniczych i wlotu na teren sojuszu dla linii lotniczych z Pakistanu. To du\u017cy zaw\u00f3d dla przedstawicieli pakista\u0144skiego lotnictwa, ale decyzja zosta\u0142a podj\u0119ta ze wzgl\u0119d\u00f3w bezpiecze\u0144stwa. Lotnisko w Pakistanie\/ Fot: SARDAR KAMRAN KHAN, Unsplash Bran\u017ca lotnicza w Pakistanie nie prze\u017cywa dobrego okresu. Unia Europejska w najnowszym wydaniu lotniczej \u201eczarnej [&hellip;]<\/p>\n","protected":false},"author":2,"featured_media":0,"comment_status":"closed","ping_status":"closed","sticky":false,"template":"","format":"standard","meta":{"footnotes":""},"categories":[1197],"tags":[],"class_list":{"0":"post-9528","1":"post","2":"type-post","3":"status-publish","4":"format-standard","6":"category-travel-pl"},"_links":{"self":[{"href":"https:\/\/eunewsroom.com\/pl\/wp-json\/wp\/v2\/posts\/9528","targetHints":{"allow":["GET"]}}],"collection":[{"href":"https:\/\/eunewsroom.com\/pl\/wp-json\/wp\/v2\/posts"}],"about":[{"href":"https:\/\/eunewsroom.com\/pl\/wp-json\/wp\/v2\/types\/post"}],"author":[{"embeddable":true,"href":"https:\/\/eunewsroom.com\/pl\/wp-json\/wp\/v2\/users\/2"}],"replies":[{"embeddable":true,"href":"https:\/\/eunewsroom.com\/pl\/wp-json\/wp\/v2\/comments?post=9528"}],"version-history":[{"count":0,"href":"https:\/\/eunewsroom.com\/pl\/wp-json\/wp\/v2\/posts\/9528\/revisions"}],"wp:attachment":[{"href":"https:\/\/eunewsroom.com\/pl\/wp-json\/wp\/v2\/media?parent=9528"}],"wp:term":[{"taxonomy":"category","embeddable":true,"href":"https:\/\/eunewsroom.com\/pl\/wp-json\/wp\/v2\/categories?post=9528"},{"taxonomy":"post_tag","embeddable":true,"href":"https:\/\/eunewsroom.com\/pl\/wp-json\/wp\/v2\/tags?post=9528"}],"curies":[{"name":"wp","href":"https:\/\/api.w.org\/{rel}","templated":true}]}}