{"id":9525,"date":"2024-07-14T14:25:47","date_gmt":"2024-07-14T14:25:47","guid":{"rendered":"https:\/\/eunewsroom.com\/jak-poprawic-zdrowie-jakosc-zycia-i-kreatywnosc-europejczykow-neurologia\/"},"modified":"2024-07-14T14:25:47","modified_gmt":"2024-07-14T14:25:47","slug":"jak-poprawic-zdrowie-jakosc-zycia-i-kreatywnosc-europejczykow-neurologia","status":"publish","type":"post","link":"https:\/\/eunewsroom.com\/pl\/jak-poprawic-zdrowie-jakosc-zycia-i-kreatywnosc-europejczykow-neurologia\/","title":{"rendered":"Jak poprawi\u0107 zdrowie, jako\u015b\u0107 \u017cycia i kreatywno\u015b\u0107 Europejczyk\u00f3w? | Neurologia"},"content":{"rendered":"<p> <br \/>\n<\/p>\n<div>\n<p><b>Eksperci z\u00a0Europejskiej Akademii Neurologii (European Academy of Neurology, EAN) alarmuj\u0105, \u017ce cz\u0119sto\u015b\u0107 wyst\u0119powania chor\u00f3b uk\u0142adu nerwowego dynamicznie ro\u015bnie. Ju\u017c dzi\u015b zaburzenia neurologiczne s\u0105 g\u0142\u00f3wn\u0105 przyczyn\u0105 niepe\u0142nosprawno\u015bci i\u00a0drug\u0105 przyczyn\u0105 zgon\u00f3w na ca\u0142ym \u015bwiecie.<\/b><\/p>\n<p><img loading=\"lazy\" loading=\"lazy\" decoding=\"async\" alt=\"\" src=\"https:\/\/adst.mp.pl\/img\/articles\/neurologia\/aktualnosci\/wew-adobestock-364333817.jpg\" width=\"650\" height=\"434\" border=\"0\"\/><br \/>\n<br \/><b><small>Fot. Adobe Stock<\/small><\/b><\/p>\n<p><b><\/p>\n<ul>\n<li>Wed\u0142ug WHO, co najmniej 1\u00a0na 3\u00a0osoby b\u0119dzie cierpie\u0107 w\u00a0ci\u0105gu swojego \u017cycia na zaburzenie funkcjonowania uk\u0142adu nerwowego<\/li>\n<li>Odpowiedzi\u0105 na rosn\u0105ce obci\u0105\u017cenie spo\u0142eczne zburzeniami neurologicznymi jest, opracowana przez European Academy of Neurology, Strategia&#8230;<\/li>\n<\/ul>\n<p><\/b><\/p>\n<\/div>\n<p><br \/>\n<br \/><a href=\"https:\/\/www.mp.pl\/pacjent\/neurologia\/aktualnosci\/350022,jak-poprawic-zdrowie-jakosc-zycia-i-kreatywnosc-europejczykow\">\u0179r\u00f3d\u0142o<\/a><\/p>\n","protected":false},"excerpt":{"rendered":"<p>Eksperci z\u00a0Europejskiej Akademii Neurologii (European Academy of Neurology, EAN) alarmuj\u0105, \u017ce cz\u0119sto\u015b\u0107 wyst\u0119powania chor\u00f3b uk\u0142adu nerwowego dynamicznie ro\u015bnie. Ju\u017c dzi\u015b zaburzenia neurologiczne s\u0105 g\u0142\u00f3wn\u0105 przyczyn\u0105 niepe\u0142nosprawno\u015bci i\u00a0drug\u0105 przyczyn\u0105 zgon\u00f3w na ca\u0142ym \u015bwiecie. Fot. Adobe Stock Wed\u0142ug WHO, co najmniej 1\u00a0na 3\u00a0osoby b\u0119dzie cierpie\u0107 w\u00a0ci\u0105gu swojego \u017cycia na zaburzenie funkcjonowania uk\u0142adu nerwowego Odpowiedzi\u0105 na rosn\u0105ce obci\u0105\u017cenie [&hellip;]<\/p>\n","protected":false},"author":2,"featured_media":0,"comment_status":"closed","ping_status":"closed","sticky":false,"template":"","format":"standard","meta":{"footnotes":""},"categories":[1194],"tags":[],"class_list":{"0":"post-9525","1":"post","2":"type-post","3":"status-publish","4":"format-standard","6":"category-lifestyle-pl"},"_links":{"self":[{"href":"https:\/\/eunewsroom.com\/pl\/wp-json\/wp\/v2\/posts\/9525","targetHints":{"allow":["GET"]}}],"collection":[{"href":"https:\/\/eunewsroom.com\/pl\/wp-json\/wp\/v2\/posts"}],"about":[{"href":"https:\/\/eunewsroom.com\/pl\/wp-json\/wp\/v2\/types\/post"}],"author":[{"embeddable":true,"href":"https:\/\/eunewsroom.com\/pl\/wp-json\/wp\/v2\/users\/2"}],"replies":[{"embeddable":true,"href":"https:\/\/eunewsroom.com\/pl\/wp-json\/wp\/v2\/comments?post=9525"}],"version-history":[{"count":0,"href":"https:\/\/eunewsroom.com\/pl\/wp-json\/wp\/v2\/posts\/9525\/revisions"}],"wp:attachment":[{"href":"https:\/\/eunewsroom.com\/pl\/wp-json\/wp\/v2\/media?parent=9525"}],"wp:term":[{"taxonomy":"category","embeddable":true,"href":"https:\/\/eunewsroom.com\/pl\/wp-json\/wp\/v2\/categories?post=9525"},{"taxonomy":"post_tag","embeddable":true,"href":"https:\/\/eunewsroom.com\/pl\/wp-json\/wp\/v2\/tags?post=9525"}],"curies":[{"name":"wp","href":"https:\/\/api.w.org\/{rel}","templated":true}]}}