{"id":9524,"date":"2024-07-14T14:25:47","date_gmt":"2024-07-14T14:25:47","guid":{"rendered":"https:\/\/eunewsroom.com\/goraco-na-linii-unia-europejska-wegry-utracily-reszte-zaufania\/"},"modified":"2024-07-14T14:25:47","modified_gmt":"2024-07-14T14:25:47","slug":"goraco-na-linii-unia-europejska-wegry-utracily-reszte-zaufania","status":"publish","type":"post","link":"https:\/\/eunewsroom.com\/pl\/goraco-na-linii-unia-europejska-wegry-utracily-reszte-zaufania\/","title":{"rendered":"Gor\u0105co na linii Unia Europejska-W\u0119gry. &#8222;Utraci\u0142y reszt\u0119 zaufania&#8221;"},"content":{"rendered":"<p> <br \/>\n<\/p>\n<div id=\"\">\n<p>    <a name=\"eztoc27241281_0_1\" id=\"eztoc27241281_0_1\"\/><\/p>\n<p>To, co przez <strong>Viktora Orbana<\/strong> nazywane jest &#8222;misj\u0105 pokojow\u0105&#8221;, budzi coraz wi\u0119ksz\u0105 irytacj\u0119 cz\u0142onk\u00f3w <strong>Unii Europejskiej<\/strong>, \u017ce &#8222;co\u015b dzieje si\u0119 za ich plecami i niezgodnie z ich wol\u0105&#8221; &#8211; przekaza\u0142 we wtorek w rozmowie z PAP unijny dyplomata.<\/p>\n<p>Dzie\u0144 po przej\u0119ciu p\u00f3\u0142rocznej prezydencji w Radzie UE Orban uda\u0142 si\u0119 w pierwsz\u0105 podr\u00f3\u017c do Ukrainy od czasu rozpocz\u0119cia&#8230;<\/p>\n<\/div>\n<p><br \/>\n<br \/><a href=\"https:\/\/wiadomosci.radiozet.pl\/swiat\/polityka\/news-goraco-na-linii-unia-europejska-wegry-utracily-reszte-zaufania\">\u0179r\u00f3d\u0142o<\/a><\/p>\n","protected":false},"excerpt":{"rendered":"<p>To, co przez Viktora Orbana nazywane jest &#8222;misj\u0105 pokojow\u0105&#8221;, budzi coraz wi\u0119ksz\u0105 irytacj\u0119 cz\u0142onk\u00f3w Unii Europejskiej, \u017ce &#8222;co\u015b dzieje si\u0119 za ich plecami i niezgodnie z ich wol\u0105&#8221; &#8211; przekaza\u0142 we wtorek w rozmowie z PAP unijny dyplomata. Dzie\u0144 po przej\u0119ciu p\u00f3\u0142rocznej prezydencji w Radzie UE Orban uda\u0142 si\u0119 w pierwsz\u0105 podr\u00f3\u017c do Ukrainy od [&hellip;]<\/p>\n","protected":false},"author":2,"featured_media":0,"comment_status":"closed","ping_status":"closed","sticky":false,"template":"","format":"standard","meta":{"footnotes":""},"categories":[1191],"tags":[],"class_list":{"0":"post-9524","1":"post","2":"type-post","3":"status-publish","4":"format-standard","6":"category-politics-pl"},"_links":{"self":[{"href":"https:\/\/eunewsroom.com\/pl\/wp-json\/wp\/v2\/posts\/9524","targetHints":{"allow":["GET"]}}],"collection":[{"href":"https:\/\/eunewsroom.com\/pl\/wp-json\/wp\/v2\/posts"}],"about":[{"href":"https:\/\/eunewsroom.com\/pl\/wp-json\/wp\/v2\/types\/post"}],"author":[{"embeddable":true,"href":"https:\/\/eunewsroom.com\/pl\/wp-json\/wp\/v2\/users\/2"}],"replies":[{"embeddable":true,"href":"https:\/\/eunewsroom.com\/pl\/wp-json\/wp\/v2\/comments?post=9524"}],"version-history":[{"count":0,"href":"https:\/\/eunewsroom.com\/pl\/wp-json\/wp\/v2\/posts\/9524\/revisions"}],"wp:attachment":[{"href":"https:\/\/eunewsroom.com\/pl\/wp-json\/wp\/v2\/media?parent=9524"}],"wp:term":[{"taxonomy":"category","embeddable":true,"href":"https:\/\/eunewsroom.com\/pl\/wp-json\/wp\/v2\/categories?post=9524"},{"taxonomy":"post_tag","embeddable":true,"href":"https:\/\/eunewsroom.com\/pl\/wp-json\/wp\/v2\/tags?post=9524"}],"curies":[{"name":"wp","href":"https:\/\/api.w.org\/{rel}","templated":true}]}}