{"id":9521,"date":"2024-07-14T14:25:45","date_gmt":"2024-07-14T14:25:45","guid":{"rendered":"https:\/\/eunewsroom.com\/europejscy-liderzy-slusznie-obawiaja-sie-zmiany-w-bialym-domu-biden-odpowiada-polskiemu-radiu-polskieradio24-pl-2\/"},"modified":"2024-07-14T14:25:45","modified_gmt":"2024-07-14T14:25:45","slug":"europejscy-liderzy-slusznie-obawiaja-sie-zmiany-w-bialym-domu-biden-odpowiada-polskiemu-radiu-polskieradio24-pl-2","status":"publish","type":"post","link":"https:\/\/eunewsroom.com\/pl\/europejscy-liderzy-slusznie-obawiaja-sie-zmiany-w-bialym-domu-biden-odpowiada-polskiemu-radiu-polskieradio24-pl-2\/","title":{"rendered":"&quot;Europejscy liderzy s\u0142usznie obawiaj\u0105 si\u0119 zmiany w Bia\u0142ym Domu&quot;. Biden odpowiada Polskiemu Radiu &#8211; PolskieRadio24.pl"},"content":{"rendered":"<p> <br \/>\n<br \/><a href=\"https:\/\/news.google.com\/rss\/articles\/CBMihwFodHRwczovL3BvbHNraWVyYWRpbzI0LnBsL2FydHlrdWwvMzQwMjMwMSxldXJvcGVqc2N5LWxpZGVyenktc2x1c3puaWUtb2Jhd2lhamEtc2llLXptaWFueS13LWJpYWx5bS1kb211LWJpZGVuLW9kcG93aWFkYS1wb2xza2llbXUtcmFkaXXSAQA?oc=5\" target=\"_blank\" rel=\"noopener\">&#8222;Europejscy liderzy s\u0142usznie obawiaj\u0105 si\u0119 zmiany w Bia\u0142ym Domu&#8221;. Biden odpowiada Polskiemu Radiu<\/a>&nbsp;&nbsp;<font color=\"#6f6f6f\">PolskieRadio24.pl<\/font><br \/>\n<br \/><br \/>\n<br \/><a href=\"https:\/\/polskieradio24.pl\/artykul\/3402301,europejscy-liderzy-slusznie-obawiaja-sie-zmiany-w-bialym-domu-biden-odpowiada-polskiemu-radiu\">\u0179r\u00f3d\u0142o<\/a><\/p>\n","protected":false},"excerpt":{"rendered":"<p>&#8222;Europejscy liderzy s\u0142usznie obawiaj\u0105 si\u0119 zmiany w Bia\u0142ym Domu&#8221;. Biden odpowiada Polskiemu Radiu&nbsp;&nbsp;PolskieRadio24.pl \u0179r\u00f3d\u0142o<\/p>\n","protected":false},"author":2,"featured_media":0,"comment_status":"closed","ping_status":"closed","sticky":false,"template":"","format":"standard","meta":{"footnotes":""},"categories":[1191],"tags":[],"class_list":{"0":"post-9521","1":"post","2":"type-post","3":"status-publish","4":"format-standard","6":"category-politics-pl"},"_links":{"self":[{"href":"https:\/\/eunewsroom.com\/pl\/wp-json\/wp\/v2\/posts\/9521","targetHints":{"allow":["GET"]}}],"collection":[{"href":"https:\/\/eunewsroom.com\/pl\/wp-json\/wp\/v2\/posts"}],"about":[{"href":"https:\/\/eunewsroom.com\/pl\/wp-json\/wp\/v2\/types\/post"}],"author":[{"embeddable":true,"href":"https:\/\/eunewsroom.com\/pl\/wp-json\/wp\/v2\/users\/2"}],"replies":[{"embeddable":true,"href":"https:\/\/eunewsroom.com\/pl\/wp-json\/wp\/v2\/comments?post=9521"}],"version-history":[{"count":0,"href":"https:\/\/eunewsroom.com\/pl\/wp-json\/wp\/v2\/posts\/9521\/revisions"}],"wp:attachment":[{"href":"https:\/\/eunewsroom.com\/pl\/wp-json\/wp\/v2\/media?parent=9521"}],"wp:term":[{"taxonomy":"category","embeddable":true,"href":"https:\/\/eunewsroom.com\/pl\/wp-json\/wp\/v2\/categories?post=9521"},{"taxonomy":"post_tag","embeddable":true,"href":"https:\/\/eunewsroom.com\/pl\/wp-json\/wp\/v2\/tags?post=9521"}],"curies":[{"name":"wp","href":"https:\/\/api.w.org\/{rel}","templated":true}]}}