{"id":9516,"date":"2024-07-14T14:25:40","date_gmt":"2024-07-14T14:25:40","guid":{"rendered":"https:\/\/eunewsroom.com\/kolejna-szczepionka-przeciw-wirusowi-rsv-tym-razem-mrna\/"},"modified":"2024-07-14T14:25:40","modified_gmt":"2024-07-14T14:25:40","slug":"kolejna-szczepionka-przeciw-wirusowi-rsv-tym-razem-mrna","status":"publish","type":"post","link":"https:\/\/eunewsroom.com\/pl\/kolejna-szczepionka-przeciw-wirusowi-rsv-tym-razem-mrna\/","title":{"rendered":"Kolejna szczepionka przeciw wirusowi RSV, tym razem mRNA"},"content":{"rendered":"<p> <br \/>\n<\/p>\n<div>\n<p class=\"field field--name-field-lead field--type-string-long field--label-hidden field__item\">Europejska Agencja Lek\u00f3w zatwierdzi\u0142a jednodawkow\u0105 szczepionk\u0119 mRNA Moderny przeciwko wirusowi RSV dla os\u00f3b powy\u017cej 60 lat. To dobra wiadomo\u015b\u0107, bo wirus jest g\u0142\u00f3wn\u0105 przyczyn\u0105 infekcji dolnych dr\u00f3g oddechowych i zapalenia p\u0142uc. Co roku z tego powodu w UE do szpitala trafia ok. 160 tys. doros\u0142ych, wi\u0119kszo\u015b\u0107 z nich to osoby starsze.<\/p>\n<div class=\"field field--name-field-image field--type-image field--label-above imageWrapper article\">\n<p><a href=\"https:\/\/zdrowie.pap.pl\/sites\/default\/files\/styles\/image_crop_750\/public\/202407\/RSV.jpg?itok=5tVTfKU2\" aria-controls=\"colorbox\" aria-label=\"{&quot;alt&quot;:&quot;Fot. PAP\/ M. Kmieci\u0144ski&quot;}\" role=\"button\" title=\"Fot. PAP\/ M. Kmieci\u0144ski\" data-colorbox-gallery=\"gallery-article-4007-3Np61HaG8Ow\" class=\"colorbox\" data-cbox-img-attrs=\"{&quot;alt&quot;:&quot;Fot. PAP\/ M. Kmieci\u0144ski&quot;}\"><img loading=\"lazy\" decoding=\"async\" property=\"schema:image\" src=\"https:\/\/zdrowie.pap.pl\/sites\/default\/files\/styles\/image_scale_375\/public\/202407\/RSV.jpg?itok=5YkZbqVN\" width=\"375\" height=\"250\" alt=\"Fot. PAP\/ M. Kmieci\u0144ski\" loading=\"lazy\" typeof=\"foaf:Image\" style_name=\"image_scale_375\" class=\"image-style-image-scale-375\"\/><\/p>\n<p><\/a><\/p>\n<p>                <span class=\"description\">Fot. PAP\/ M. Kmieci\u0144ski<\/span>\n                                    <\/div>\n<p>  &#8230;<\/p><\/div>\n<p><br \/>\n<br \/><a href=\"https:\/\/zdrowie.pap.pl\/szczepienia\/kolejna-szczepionka-przeciw-wirusowi-rsv-tym-razem-mrna\">\u0179r\u00f3d\u0142o<\/a><\/p>\n","protected":false},"excerpt":{"rendered":"<p>Europejska Agencja Lek\u00f3w zatwierdzi\u0142a jednodawkow\u0105 szczepionk\u0119 mRNA Moderny przeciwko wirusowi RSV dla os\u00f3b powy\u017cej 60 lat. To dobra wiadomo\u015b\u0107, bo wirus jest g\u0142\u00f3wn\u0105 przyczyn\u0105 infekcji dolnych dr\u00f3g oddechowych i zapalenia p\u0142uc. Co roku z tego powodu w UE do szpitala trafia ok. 160 tys. doros\u0142ych, wi\u0119kszo\u015b\u0107 z nich to osoby starsze. Fot. PAP\/ M. Kmieci\u0144ski [&hellip;]<\/p>\n","protected":false},"author":2,"featured_media":0,"comment_status":"closed","ping_status":"closed","sticky":false,"template":"","format":"standard","meta":{"footnotes":""},"categories":[1187],"tags":[],"class_list":{"0":"post-9516","1":"post","2":"type-post","3":"status-publish","4":"format-standard","6":"category-technology-pl"},"_links":{"self":[{"href":"https:\/\/eunewsroom.com\/pl\/wp-json\/wp\/v2\/posts\/9516","targetHints":{"allow":["GET"]}}],"collection":[{"href":"https:\/\/eunewsroom.com\/pl\/wp-json\/wp\/v2\/posts"}],"about":[{"href":"https:\/\/eunewsroom.com\/pl\/wp-json\/wp\/v2\/types\/post"}],"author":[{"embeddable":true,"href":"https:\/\/eunewsroom.com\/pl\/wp-json\/wp\/v2\/users\/2"}],"replies":[{"embeddable":true,"href":"https:\/\/eunewsroom.com\/pl\/wp-json\/wp\/v2\/comments?post=9516"}],"version-history":[{"count":0,"href":"https:\/\/eunewsroom.com\/pl\/wp-json\/wp\/v2\/posts\/9516\/revisions"}],"wp:attachment":[{"href":"https:\/\/eunewsroom.com\/pl\/wp-json\/wp\/v2\/media?parent=9516"}],"wp:term":[{"taxonomy":"category","embeddable":true,"href":"https:\/\/eunewsroom.com\/pl\/wp-json\/wp\/v2\/categories?post=9516"},{"taxonomy":"post_tag","embeddable":true,"href":"https:\/\/eunewsroom.com\/pl\/wp-json\/wp\/v2\/tags?post=9516"}],"curies":[{"name":"wp","href":"https:\/\/api.w.org\/{rel}","templated":true}]}}