{"id":9511,"date":"2024-07-14T14:25:37","date_gmt":"2024-07-14T14:25:37","guid":{"rendered":"https:\/\/eunewsroom.com\/polacy-zyja-krocej-niz-statystyczny-europejczyk-wiele-chorob-ma-poczatek-w-niezdrowym-stylu-zycia\/"},"modified":"2024-07-14T14:25:37","modified_gmt":"2024-07-14T14:25:37","slug":"polacy-zyja-krocej-niz-statystyczny-europejczyk-wiele-chorob-ma-poczatek-w-niezdrowym-stylu-zycia","status":"publish","type":"post","link":"https:\/\/eunewsroom.com\/pl\/polacy-zyja-krocej-niz-statystyczny-europejczyk-wiele-chorob-ma-poczatek-w-niezdrowym-stylu-zycia\/","title":{"rendered":"Polacy \u017cyj\u0105 kr\u00f3cej ni\u017c statystyczny Europejczyk. Wiele chor\u00f3b ma pocz\u0105tek w niezdrowym stylu \u017cycia"},"content":{"rendered":"<p> <br \/>\n<\/p>\n<div>\n<ul>&#13;<\/p>\n<li>Oko\u0142o 50 proc. m\u0142odych ludzi w Polsce wieku 13-15 lat ma za sob\u0105 wypalenie pierwszego papierosa. Ponad 50 proc. pi\u0119tnastolatk\u00f3w si\u0119gn\u0119\u0142o po piwo, a 30 proc. z nich przyznaje, \u017ce przynajmniej raz w \u017cyciu byli pijani<\/li>\n<p>&#13;<\/p>\n<li>U podstawy walki z chorobami cywilizacyjnymi le\u017c\u0105 edukacja i profilaktyka pozwalaj\u0105ce ograniczy\u0107 czynniki ryzyka, na kt\u00f3re my sami mamy wp\u0142yw &#8211; podkre\u015bla prof. Andrzej Fal, prezes Polskiego Towarzystwa Zdrowia Publicznego<\/li>\n<p>&#13;<\/p>\n<li>Eksperci wskazuj\u0105, \u017ce to palenie tytoniu pozostaje najwa\u017cniejszym czynnikiem ryzyka zdrowotnego w Polsce<\/li>\n<p>&#13;\n<\/ul>\n<div class=\"box-70\">\n<div class=\"img\">\n\t\t\t<a href=\"https:\/\/www.rynekzdrowia.pl\/Farmacja\/Burza-wokol-dawkowania-lekow-Ministra-zdrowia-mowi-o-dezinformacji-Rezydenci-zabraklo-komunikacji,258864,6.html\"><br \/>\n\t\t\t\t<img decoding=\"async\" loading=\"lazy\" src=\"https:\/\/pliki.rynekzdrowia.pl\/i\/20\/96\/16\/209616_r0_300.jpg\" alt=\"Burza wok\u00f3\u0142 dawkowania lek\u00f3w. Ministra zdrowia m\u00f3wi o dezinformacji. Rezydenci: zabrak\u0142o komunikacji\" title=\"Porozumienie Rezydent\u00f3w broni si\u0119 ws. b\u0142\u0119dnego informowania o zapisach ws. dawkowania lek\u00f3w. Fot. Adobe Stock\/auremar\" width=\"300\"...<\/div>\n<\/div>\n<\/div>\n<p><br \/>\n<br \/><a href=\"https:\/\/www.rynekzdrowia.pl\/Polityka-zdrowotna\/Polacy-zyja-krocej-niz-statystyczny-Europejczyk-Wiele-chorob-ma-poczatek-w-niezdrowym-stylu-zycia,258833,14.html\">\u0179r\u00f3d\u0142o<\/a><\/p>\n","protected":false},"excerpt":{"rendered":"<p>&#13; Oko\u0142o 50 proc. m\u0142odych ludzi w Polsce wieku 13-15 lat ma za sob\u0105 wypalenie pierwszego papierosa. Ponad 50 proc. pi\u0119tnastolatk\u00f3w si\u0119gn\u0119\u0142o po piwo, a 30 proc. z nich przyznaje, \u017ce przynajmniej raz w \u017cyciu byli pijani &#13; U podstawy walki z chorobami cywilizacyjnymi le\u017c\u0105 edukacja i profilaktyka pozwalaj\u0105ce ograniczy\u0107 czynniki ryzyka, na kt\u00f3re my [&hellip;]<\/p>\n","protected":false},"author":2,"featured_media":0,"comment_status":"closed","ping_status":"closed","sticky":false,"template":"","format":"standard","meta":{"footnotes":""},"categories":[1194],"tags":[],"class_list":{"0":"post-9511","1":"post","2":"type-post","3":"status-publish","4":"format-standard","6":"category-lifestyle-pl"},"_links":{"self":[{"href":"https:\/\/eunewsroom.com\/pl\/wp-json\/wp\/v2\/posts\/9511","targetHints":{"allow":["GET"]}}],"collection":[{"href":"https:\/\/eunewsroom.com\/pl\/wp-json\/wp\/v2\/posts"}],"about":[{"href":"https:\/\/eunewsroom.com\/pl\/wp-json\/wp\/v2\/types\/post"}],"author":[{"embeddable":true,"href":"https:\/\/eunewsroom.com\/pl\/wp-json\/wp\/v2\/users\/2"}],"replies":[{"embeddable":true,"href":"https:\/\/eunewsroom.com\/pl\/wp-json\/wp\/v2\/comments?post=9511"}],"version-history":[{"count":0,"href":"https:\/\/eunewsroom.com\/pl\/wp-json\/wp\/v2\/posts\/9511\/revisions"}],"wp:attachment":[{"href":"https:\/\/eunewsroom.com\/pl\/wp-json\/wp\/v2\/media?parent=9511"}],"wp:term":[{"taxonomy":"category","embeddable":true,"href":"https:\/\/eunewsroom.com\/pl\/wp-json\/wp\/v2\/categories?post=9511"},{"taxonomy":"post_tag","embeddable":true,"href":"https:\/\/eunewsroom.com\/pl\/wp-json\/wp\/v2\/tags?post=9511"}],"curies":[{"name":"wp","href":"https:\/\/api.w.org\/{rel}","templated":true}]}}