{"id":9508,"date":"2024-07-14T14:25:34","date_gmt":"2024-07-14T14:25:34","guid":{"rendered":"https:\/\/eunewsroom.com\/von-der-leyen-krytykuje-orbana-za-podroz-do-putina\/"},"modified":"2024-07-14T14:25:34","modified_gmt":"2024-07-14T14:25:34","slug":"von-der-leyen-krytykuje-orbana-za-podroz-do-putina","status":"publish","type":"post","link":"https:\/\/eunewsroom.com\/pl\/von-der-leyen-krytykuje-orbana-za-podroz-do-putina\/","title":{"rendered":"Von der Leyen krytykuje Orbana za podr\u00f3\u017c do Putina"},"content":{"rendered":"<p> <br \/>\n<\/p>\n<p>\n    Polityka appeasementu nie\u00a0zatrzyma Putina \u2013\u00a0napisa\u0142a Ursula von der Leyen, szefowa KE.\n    <\/p>\n<div>\n<p>&#13;<br \/>\nPremier W\u0119gier <a href=\"https:\/\/dorzeczy.pl\/swiat\/607470\/orban-przybyl-do-moskwy-na-spotkanie-z-putinem.html\">Viktor Orban przyby\u0142 w\u00a0pi\u0105tek do\u00a0Moskwy<\/a> na\u00a0spotkanie z\u00a0prezydentem Rosji W\u0142adimirem Putinem. Sekretarz prasowy Orbana Bertalan Havasi podkre\u015bla, \u017ce\u00a0premier uda\u0142 si\u0119 na\u00a0&#8222;misj\u0119 pokojow\u0105&#8221;. &#13;\n<\/p>\n<p>&#13;<br \/>\nDo tych doniesie\u0144 odnios\u0142a si\u0119 szefowa Komisji Europejskiej. &#8222;Premier W\u0119gier Viktor Orban odwiedza Moskw\u0119: Polityka appeasementu nie\u00a0zatrzyma Putina. Tylko jedno\u015b\u0107 i\u00a0determinacja utoruj\u0105 drog\u0119 do\u00a0wszechstronnego, sprawiedliwego&#8230;<\/p>\n<\/div>\n<p><br \/>\n<br \/><a href=\"https:\/\/dorzeczy.pl\/amp\/607488\/von-der-leyen-krytykuje-orbana-za-podroz-do-putina.html\">\u0179r\u00f3d\u0142o<\/a><\/p>\n","protected":false},"excerpt":{"rendered":"<p>Polityka appeasementu nie\u00a0zatrzyma Putina \u2013\u00a0napisa\u0142a Ursula von der Leyen, szefowa KE. &#13; Premier W\u0119gier Viktor Orban przyby\u0142 w\u00a0pi\u0105tek do\u00a0Moskwy na\u00a0spotkanie z\u00a0prezydentem Rosji W\u0142adimirem Putinem. Sekretarz prasowy Orbana Bertalan Havasi podkre\u015bla, \u017ce\u00a0premier uda\u0142 si\u0119 na\u00a0&#8222;misj\u0119 pokojow\u0105&#8221;. &#13; &#13; Do tych doniesie\u0144 odnios\u0142a si\u0119 szefowa Komisji Europejskiej. &#8222;Premier W\u0119gier Viktor Orban odwiedza Moskw\u0119: Polityka appeasementu nie\u00a0zatrzyma Putina. [&hellip;]<\/p>\n","protected":false},"author":2,"featured_media":0,"comment_status":"closed","ping_status":"closed","sticky":false,"template":"","format":"standard","meta":{"footnotes":""},"categories":[1197],"tags":[],"class_list":{"0":"post-9508","1":"post","2":"type-post","3":"status-publish","4":"format-standard","6":"category-travel-pl"},"_links":{"self":[{"href":"https:\/\/eunewsroom.com\/pl\/wp-json\/wp\/v2\/posts\/9508","targetHints":{"allow":["GET"]}}],"collection":[{"href":"https:\/\/eunewsroom.com\/pl\/wp-json\/wp\/v2\/posts"}],"about":[{"href":"https:\/\/eunewsroom.com\/pl\/wp-json\/wp\/v2\/types\/post"}],"author":[{"embeddable":true,"href":"https:\/\/eunewsroom.com\/pl\/wp-json\/wp\/v2\/users\/2"}],"replies":[{"embeddable":true,"href":"https:\/\/eunewsroom.com\/pl\/wp-json\/wp\/v2\/comments?post=9508"}],"version-history":[{"count":0,"href":"https:\/\/eunewsroom.com\/pl\/wp-json\/wp\/v2\/posts\/9508\/revisions"}],"wp:attachment":[{"href":"https:\/\/eunewsroom.com\/pl\/wp-json\/wp\/v2\/media?parent=9508"}],"wp:term":[{"taxonomy":"category","embeddable":true,"href":"https:\/\/eunewsroom.com\/pl\/wp-json\/wp\/v2\/categories?post=9508"},{"taxonomy":"post_tag","embeddable":true,"href":"https:\/\/eunewsroom.com\/pl\/wp-json\/wp\/v2\/tags?post=9508"}],"curies":[{"name":"wp","href":"https:\/\/api.w.org\/{rel}","templated":true}]}}