{"id":9507,"date":"2024-07-14T14:25:30","date_gmt":"2024-07-14T14:25:30","guid":{"rendered":"https:\/\/eunewsroom.com\/20-lat-w-unii-europejskiej-czyli-cywilizacyjny-skok-na-rynku-nieruchomosci\/"},"modified":"2024-07-14T14:25:30","modified_gmt":"2024-07-14T14:25:30","slug":"20-lat-w-unii-europejskiej-czyli-cywilizacyjny-skok-na-rynku-nieruchomosci","status":"publish","type":"post","link":"https:\/\/eunewsroom.com\/pl\/20-lat-w-unii-europejskiej-czyli-cywilizacyjny-skok-na-rynku-nieruchomosci\/","title":{"rendered":"20 lat w Unii Europejskiej, czyli cywilizacyjny skok na rynku nieruchomo\u015bci"},"content":{"rendered":"<p> <br \/>\n<\/p>\n<p>&#13;<br \/>\n                                Rynek nieruchomo\u015bci od wst\u0105pienia Polski do Unii Europejskiej przeszed\u0142 niesamowit\u0105 transformacj\u0119. \u2013 Zmieni\u0142o si\u0119 w zasadzie wszystko \u2013 powiedzia\u0142 Pawe\u0142 To\u0144ski, partner zarz\u0105dzaj\u0105cy CRIDO podczas prezentacji raportu \u201e20 lat min\u0119\u0142o, czyli rynek nieruchomo\u015bci w Polsce po wej\u015bciu do UE\u201d.&#13;\n                            <\/p>\n<div>\n<p> 20 lat Polski w UE to okres najbardziej aktywnego wzrostu gospodarczego, jak i wzrostu rynku nieruchomo\u015bci komercyjnych w Polsce. Ilo\u015b\u0107 powierzchni biurowych zwi\u0119kszy\u0142a si\u0119 o 82&#8230;<\/p>\n<\/div>\n<p><br \/>\n<br \/><a href=\"https:\/\/www.mycompanypolska.pl\/artykul\/20-lat-w-unii-europejskiej-czyli-cywilizacyjny-skok-na-rynku-nieruchomosci\/15133\">\u0179r\u00f3d\u0142o<\/a><\/p>\n","protected":false},"excerpt":{"rendered":"<p>&#13; Rynek nieruchomo\u015bci od wst\u0105pienia Polski do Unii Europejskiej przeszed\u0142 niesamowit\u0105 transformacj\u0119. \u2013 Zmieni\u0142o si\u0119 w zasadzie wszystko \u2013 powiedzia\u0142 Pawe\u0142 To\u0144ski, partner zarz\u0105dzaj\u0105cy CRIDO podczas prezentacji raportu \u201e20 lat min\u0119\u0142o, czyli rynek nieruchomo\u015bci w Polsce po wej\u015bciu do UE\u201d.&#13; 20 lat Polski w UE to okres najbardziej aktywnego wzrostu gospodarczego, jak i wzrostu rynku [&hellip;]<\/p>\n","protected":false},"author":2,"featured_media":0,"comment_status":"closed","ping_status":"closed","sticky":false,"template":"","format":"standard","meta":{"footnotes":""},"categories":[1186],"tags":[],"class_list":{"0":"post-9507","1":"post","2":"type-post","3":"status-publish","4":"format-standard","6":"category-real-estate-pl"},"_links":{"self":[{"href":"https:\/\/eunewsroom.com\/pl\/wp-json\/wp\/v2\/posts\/9507","targetHints":{"allow":["GET"]}}],"collection":[{"href":"https:\/\/eunewsroom.com\/pl\/wp-json\/wp\/v2\/posts"}],"about":[{"href":"https:\/\/eunewsroom.com\/pl\/wp-json\/wp\/v2\/types\/post"}],"author":[{"embeddable":true,"href":"https:\/\/eunewsroom.com\/pl\/wp-json\/wp\/v2\/users\/2"}],"replies":[{"embeddable":true,"href":"https:\/\/eunewsroom.com\/pl\/wp-json\/wp\/v2\/comments?post=9507"}],"version-history":[{"count":0,"href":"https:\/\/eunewsroom.com\/pl\/wp-json\/wp\/v2\/posts\/9507\/revisions"}],"wp:attachment":[{"href":"https:\/\/eunewsroom.com\/pl\/wp-json\/wp\/v2\/media?parent=9507"}],"wp:term":[{"taxonomy":"category","embeddable":true,"href":"https:\/\/eunewsroom.com\/pl\/wp-json\/wp\/v2\/categories?post=9507"},{"taxonomy":"post_tag","embeddable":true,"href":"https:\/\/eunewsroom.com\/pl\/wp-json\/wp\/v2\/tags?post=9507"}],"curies":[{"name":"wp","href":"https:\/\/api.w.org\/{rel}","templated":true}]}}